{"id":322070,"date":"2022-12-12T12:35:33","date_gmt":"2022-12-12T11:35:33","guid":{"rendered":"https:\/\/www.radioluna.it\/news\/?p=322070"},"modified":"2022-12-15T16:40:08","modified_gmt":"2022-12-15T15:40:08","slug":"proiezione-a-latina-per-via-argine-310-di-gianfranco-pannone","status":"publish","type":"post","link":"https:\/\/www.radioluna.it\/news\/2022\/12\/proiezione-a-latina-per-via-argine-310-di-gianfranco-pannone\/","title":{"rendered":"Proiezione a Latina per Via Argine 310 di Gianfranco Pannone"},"content":{"rendered":"<div id=\"fb-root\"><\/div>\n<p style=\"text-align: justify;\"><strong>LATINA<\/strong> &#8211; Dopo la partecipazione alla <a href=\"https:\/\/www.radioluna.it\/news\/2022\/10\/pannone-alla-festa-del-cinema-di-roma-con-via-argine-310-e-gli-operai-della-whirpool\/\">Festa del Cinema di Roma Via Argine 310<\/a> per la regia di Gianfranco Pannone sar\u00e0 presentato marted\u00ec 13 dicembre alle ore 21:00 presso il Cinema Corso di Latina, alla presenza del regista e con la moderazione di Renato Chiocca. Un film documentario che segue, lungo dodici mesi la vicenda degli ex lavoratori Whirlpool di Napoli &#8211; Ponticelli, conclusasi pochi mesi fa con il licenziamento di 316 operai dopo la brusca chiusura del sito. Tre anni prima quegli stessi operai avevano tenacemente dato vita al presidio \u201cWhirlpool &#8211; Napoli non molla\u201d tuttora esistente, nell\u2019ex dopolavoro, in quella Via Argine, indirizzo storico, che per decenni ha ospitato lo stabilimento della multinazionale americana della lavatrice.<img loading=\"lazy\" decoding=\"async\" class=\"wp-image-322123 alignleft\" src=\"https:\/\/www.radioluna.it\/news\/wp-content\/uploads\/2022\/12\/WhatsApp-Image-2022-12-05-at-10.12.43.jpeg\" alt=\"\" width=\"302\" height=\"429\" \/><\/p>\n<p style=\"text-align: justify;\">&#8220;Portare &#8216;Via argine 310&#8217; a Latina non \u00e8 solo un ritorno nella citt\u00e0 dove sono cresciuto, ma significa anche ricordare la dismissione delle fabbriche nel capoluogo pontino gi\u00e0 dagli anni 80, come ben ricorda il nostro Antonio Pennacchi nel suo primo romanzo, Mammut. Il percorso sociale e antropologico\u00a0 della mia famiglia passa anche attraverso gli operai, a cominciare da mio nonno paterno che dalle campagne del nolano\u00a0 si trasfer\u00ec a Napoli negli anni 30 del secolo scorso, per poi continuare con mio padre sindacalista in terra pontina e nel Lazio. Fu proprio lui che tra gli anni 60 e 70 convinse i suoi cugini contadini a venire dal casertano su Latina per diventare operai. E oggi il mio film doc lo dedico oltre che ad Antonio proprio ai miei zii operai-contadini, che, dopo l&#8217;ondata &#8216;fascista&#8217; dal Veneto, dal Friuli e dall&#8217;alta Emilia, contribuirono a incentivare una seconda ondata migratoria, questa volta dal Sud. Se Latina oggi di fatto \u00e8 una piccola sintesi dell&#8217;Italia, ci\u00f2 lo si deve anche alle sue fabbriche che oggi non ci sono quasi pi\u00f9, \u00e8 bene ricordarlo. &#8220;<\/p>\n<p style=\"text-align: justify;\">Nel film speranze, paure, desideri e tanta rabbia si distribuiscono lungo il film grazie alle testimonianze di alcuni degli operai mobilitati da ben tre anni. Le loro sono storie in bilico tra la legittima paura di perdere il posto fisso e le preoccupazioni per i propri figli nella citt\u00e0 dove pi\u00f9 che altrove la precariet\u00e0 \u00e8 un dato reale. Il film racconta la crisi della centralit\u00e0 operaia nell\u2019immaginario della societ\u00e0 italiana e nell\u2019orizzonte strategico delle forze politiche. A storicizzare questa grave incertezza lavorativa alcuni brani tratti dal romanzo\u00a0La dismissione\u00a0di\u00a0Ermano Rea, letti da\u00a0Alessandro Siani\u00a0che era appena un ragazzo, quando suo padre, operaio specializzato all\u2019Alfasud di Pomigliano, sub\u00ec per lungo tempo la cassa integrazione.<\/p>\n<p style=\"text-align: justify;\">La prevendita dei biglietti comincer\u00e0 marted\u00ec 6 dicembre al Cinema Corso di Latina.<\/p>\n","protected":false},"excerpt":{"rendered":"<p>LATINA &#8211; Dopo la partecipazione alla Festa del Cinema di Roma Via Argine 310 per la regia di Gianfranco Pannone sar\u00e0 presentato marted\u00ec 13 dicembre alle ore 21:00 presso il Cinema Corso di Latina, alla presenza del regista e con la moderazione di Renato Chiocca. Un film documentario che segue, lungo dodici mesi la vicenda [&hellip;]<\/p>\n","protected":false},"author":62,"featured_media":322122,"comment_status":"open","ping_status":"open","sticky":false,"template":"","format":"standard","meta":{"footnotes":""},"categories":[16],"tags":[],"class_list":["post-322070","post","type-post","status-publish","format-standard","has-post-thumbnail","hentry","category-appuntamenti"],"_links":{"self":[{"href":"https:\/\/www.radioluna.it\/news\/wp-json\/wp\/v2\/posts\/322070","targetHints":{"allow":["GET"]}}],"collection":[{"href":"https:\/\/www.radioluna.it\/news\/wp-json\/wp\/v2\/posts"}],"about":[{"href":"https:\/\/www.radioluna.it\/news\/wp-json\/wp\/v2\/types\/post"}],"author":[{"embeddable":true,"href":"https:\/\/www.radioluna.it\/news\/wp-json\/wp\/v2\/users\/62"}],"replies":[{"embeddable":true,"href":"https:\/\/www.radioluna.it\/news\/wp-json\/wp\/v2\/comments?post=322070"}],"version-history":[{"count":0,"href":"https:\/\/www.radioluna.it\/news\/wp-json\/wp\/v2\/posts\/322070\/revisions"}],"wp:featuredmedia":[{"embeddable":true,"href":"https:\/\/www.radioluna.it\/news\/wp-json\/wp\/v2\/media\/322122"}],"wp:attachment":[{"href":"https:\/\/www.radioluna.it\/news\/wp-json\/wp\/v2\/media?parent=322070"}],"wp:term":[{"taxonomy":"category","embeddable":true,"href":"https:\/\/www.radioluna.it\/news\/wp-json\/wp\/v2\/categories?post=322070"},{"taxonomy":"post_tag","embeddable":true,"href":"https:\/\/www.radioluna.it\/news\/wp-json\/wp\/v2\/tags?post=322070"}],"curies":[{"name":"wp","href":"https:\/\/api.w.org\/{rel}","templated":true}]}}