{"id":322192,"date":"2022-12-06T15:14:40","date_gmt":"2022-12-06T14:14:40","guid":{"rendered":"https:\/\/www.radioluna.it\/news\/?p=322192"},"modified":"2022-12-07T16:18:45","modified_gmt":"2022-12-07T15:18:45","slug":"la-regione-lazio-a-piu-libri-piu-liberi","status":"publish","type":"post","link":"https:\/\/www.radioluna.it\/news\/2022\/12\/la-regione-lazio-a-piu-libri-piu-liberi\/","title":{"rendered":"La Regione Lazio a Pi\u00f9 libri, pi\u00f9 liberi"},"content":{"rendered":"<div id=\"fb-root\"><\/div>\n<p style=\"text-align: justify;\"><strong>LATINA &#8211;\u00a0<\/strong>Dal 7 all\u201911 dicembre 2022 torna, nel Roma Convention Center \u2013 La Nuvola, Pi\u00f9 Libri Pi\u00f9 Liberi, la Fiera Nazionale della Piccola e Media Editoria. Ci sar\u00e0 anche la Regione Lazio per \u00a0promuovere nelle sale della fiera e all\u2019interno dello stand L01 oltre 40 incontri, laboratori, tavole rotonde, realizzati in collaborazione con le case editrici, gli autori, gli archivi, gli istituti culturali, le biblioteche, i musei, le radio e i festival del territorio.<\/p>\n<p style=\"text-align: justify;\">\u201cQuesto \u00e8 un appuntamento a cui noi come Regione teniamo particolarmente, &#8211; ha dichiarato il Presidente Vicario della Regione Lazio, Daniele Leodori &#8211; utile stimolare la lettura, soprattutto tra i pi\u00f9 giovani, \u00e8 un dovere per le Istituzioni, anche in funzione di un sostegno concreto alla scuola. In questo particolare momento poi, far ritrovare la gioia di leggere e apprendere attraverso la bellezza e il fascino di uno strumento meraviglioso come il libro, pu\u00f2 giocare un ruolo fondamentale nella crescita dei nostri ragazzi. Nel Lazio, il settore dell&#8217;editoria, con il suo tessuto di piccole e medie imprese, rappresenta un potenziale economico ed occupazionale di grande ricchezza capace di dare un contributo importante all&#8217;industria culturale del territorio, sulla quale \u00e8 doveroso continuare ad investire anche nel prossimo futuro&#8221;.<\/p>\n<p style=\"text-align: justify;\">\u201cNiente pi\u00f9 della cultura, della lettura, del libro ci aiuta a parlare un linguaggio universale. Anche quest\u2019anno nello stand regionale e nelle sale della Fiera Pi\u00f9 Libri Pi\u00f9 Liberi ci saranno tante occasioni di incontro e tante proposte in cui perdersi e ritrovarsi, come ricorda appunto il tema dell\u2019edizione 2022. In questi anni di crisi pandemica prima ed economica e sociale adesso, la Piccola e Media Editoria si \u00e8 sempre ritrovata grazie all\u2019impegno e alla passione di tanti editori; come Regione abbiamo messo in atto strategie specifiche e investito sul mondo della cultura perch\u00e9 solo la conoscenza potr\u00e0 aiutarci a costruire un futuro migliore, un nuovo modello di sviluppo pi\u00f9 sostenibile, pi\u00f9 equo e pi\u00f9 democratico\u201d ha dichiarato l\u2019assessore regionale allo\u00a0l\u2019assessore regionale allo Sviluppo Economico, Commercio e Artigianato, Universit\u00e0, Ricerca, Startup e Innovazione,\u00a0Paolo Orneli.<\/p>\n<p style=\"text-align: justify;\">Nel corso delle cinque giornate, inoltre, si alterneranno\u00a0le\u00a0voci\u00a0di\u00a0autrici e autori, editori\u00a0e\u00a0musicisti, conduttori e\u00a0curatori\u00a0di progetti\u00a0dal basso che racconteranno le tante novit\u00e0 del settore\u00a0e\u00a0i luoghi del Lazio dove perdersi e ritrovarsi,\u00a0in un interessante programma di incontri.<\/p>\n<p style=\"text-align: justify;\">\u201cPi\u00f9 Libri Pi\u00f9 Liberi sar\u00e0 l\u2019occasione per fare rete tra editori, attori della filiera e pubblico ed anche per dare spazio alla creativit\u00e0 giovanile e alla diffusione della lettura tramite nuove realt\u00e0 e nuovi linguaggi, raccontando anche gli intrecci con esperienze regionali e progetti delle politiche giovanili. La lettura \u00e8 un mezzo importantissimo per comprendere il mondo e la programmazione delle attivit\u00e0 dello stand vuole andare in questa direzione\u201d, commenta Lorenzo Sciarretta, Delegato alle Politiche Giovanili e Culturali della Regione Lazio.<\/p>\n<p style=\"text-align: justify;\"><strong>LE AREE TEMATICHE &#8211;<\/strong> Il programma si articoler\u00e0 in quattro aree tematiche a partire dalla prima, Letture bambine e giochi di carta dedicata a dove tutto inizia: i pi\u00f9 piccoli. Una serie di laboratori e incontri per stimolare la fantasia.<\/p>\n<p style=\"text-align: justify;\">Seconda area tematica sar\u00e0\u00a0Il Lazio si racconta in musica, passeggiate e parole\u00a0una serie di incontri sulla musica, la poesia e l\u2019arte raccontate, cantate e scritte da giovani e innovative realt\u00e0 del Lazio, dove interverranno collettivi di poetry slam, cantautrici e promotori di iniziative nella natura.<br \/>\nDurante gli incontri\u00a0Viaggia sul libro. Esordi e novit\u00e0\u00a0si alterneranno invece voci delle pi\u00f9 interessanti uscite editoriali che raccontano la nostra regione con particolare attenzione agli esordienti.<\/p>\n<p style=\"text-align: justify;\">Infine, l\u2019area tematica\u00a0Networking. Conduttori e curatori incontrano le case editrici: incontri per mettere in contatto editori e pubblico con figure cruciali nella diffusione del libro: conduttori radiofonici, direttori di kermesse sul libro del Lazio, curatori di rassegne dal basso e riviste.<\/p>\n<p style=\"text-align: justify;\">All\u2019interno dello stand sar\u00e0 inoltre ospitata, in collaborazione con la\u00a0Camera di Commercio\u00a0di\u00a0Roma, una\u00a0collettiva di editori indipendenti\u00a0e verranno promosse le opportunit\u00e0 regionali del settore.<\/p>\n<p style=\"text-align: justify;\">I possessori della\u00a0Lazio Youth Card, l\u2019App della Regione Lazio per le ragazze e ragazzi tra i 14 e in 29 anni, potranno ottenere una\u00a0riduzione sul biglietto di ingresso, mostrando l\u2019App direttamente presso il botteghino della fiera.<\/p>\n<p>Il programma completo sar\u00e0 pubblicato su\u00a0<a href=\"http:\/\/regione.lazio.it\">regione.lazio.it<\/a>\u00a0e\u00a0<a href=\"http:\/\/generazionigiovani.it\">generazionigiovani.it<\/a>, il portale delle Politiche per i giovani.<\/p>\n<p><strong>GLI APPUNTAMENTI<\/strong> OSPITATI NEGLI SPAZI DELLA FIERA<\/p>\n<p>A cura della\u00a0Direzione Cultura, Lazio Creativo &#8211; Area Servizi Culturali e Promozione della Lettura, Regione Lazio,\u00a0con la collaborazione di\u00a0Margherita Schirmacher, Ticket To Read\u00a0e\u00a0di\u00a0Elisabetta Meluzzi, Direzione Sviluppo e Promozione del Territorio, LAZIOcrea<\/p>\n<p><strong>MERCOLED\u00cc 7 DICEMBRE<\/strong><\/p>\n<p>ore 13.45 SALA ELETTRA<\/p>\n<p>Prodotti editoriali Lazio Contemporaneo: il bando della Regione Lazio che sostiene i giovani nell\u2019Arte Contemporanea<\/p>\n<p>Con\u00a0Lorenzo Sciarretta, Delegato alle Politiche Giovanili e Culturali della Regione Lazio e\u00a0Giuseppina Maiorano, Coordinatrice ufficio orientamento Lazio Innova<\/p>\n<p>ore 14.00 SALA SIRIO<\/p>\n<p>Le\u00a0istituzioni che accolgono: il Lazio\u00a0regione del mondo<\/p>\n<p>Con\u00a0Paolo Orneli, Assessore allo Sviluppo Economico, Commercio e Artigianato, Universit\u00e0, Ricerca, Start \u2013 Up e Innovazione della Regione Lazio;\u00a0Fabrizio Maronta,\u00a0responsabile relazioni internazionali di LIMES;\u00a0Caterina Bonvicini,\u00a0scrittrice\u00a0e\u00a0Annalisa Camilli,\u00a0giornalista.<\/p>\n<p>ore 15.30 SALA VEGA<\/p>\n<p>Viaggia sul libro. Esordi e novit\u00e0 librarie<\/p>\n<p>Voci di Periferi@<\/p>\n<p>Giorgio de Finis, Carlo Infante, Franco La Cecla, Claudia Pecoraro, Piotta\u00a0in dialogo sul libro Periferi@, Castelvecchi editore<\/p>\n<p>Interviene\u00a0Daniele Leodori,\u00a0Presidente Vicario della Regione Lazio<\/p>\n<p>Modera\u00a0Margherita Schirmacher<\/p>\n<p>&nbsp;<\/p>\n<p><strong>GIOVED\u00cc 8 DICEMBRE<\/strong><\/p>\n<p>ore 10:30 SALA NETTUNO<\/p>\n<p>Il Lazio si racconta in musica, passeggiate e parole<\/p>\n<p>Scrittrici difficili: le protagoniste laziali del romanzo del cambiamento nel primo Novecento.<\/p>\n<p>Da Paola Masino, Alba de Cespedes a Brianna Carafa.<\/p>\n<p>Ne parlano\u00a0Giulia Ciarapica,\u00a0giornalista e scrittrice,\u00a0Paolo Guazzo,\u00a0editore di Cliquot e\u00a0Laura Marzi, per\u00a0Le ALTRE. Scrittrici fuori programma,\u00a0progetto\u00a0finanziato con l\u2019avviso pubblico Vitamina G.<\/p>\n<p>In collaborazione con Valeria Cecilia\u00a0di Chiticredidiessere.com<\/p>\n<p><strong>VENERD\u00cc 9\u00a0DICEMBRE<\/strong><\/p>\n<p>ore\u00a019.00 SALA GIOVE<\/p>\n<p>Networking. Conduttori e curatori incontrano le case editrici<\/p>\n<p>Chi parla di libri nelle radio del territorio?<\/p>\n<p>Con\u00a0Flavia Capone &amp; Giovanni Villani\u00a0di Letture Metropolitane,\u00a0Radio Elettrica,\u00a0Simone Mercurio\u00a0di Indieland,\u00a0Radio Cusano Campus,\u00a0Marco Muscar\u00e0,\u00a0Radio Rock,\u00a0\u00a0Katia Picciariello\u00a0di\u00a0Senza Parafrasare,\u00a0Radio Kaos Italy,\u00a0Ludovica Valori\u00a0di Valori in corso,\u00a0Radio Citt\u00e0 Aperta<\/p>\n<p>Moderano\u00a0Vins Gallico\u00a0e\u00a0Margherita Schirmacher<\/p>\n<p>SABATO 10 DICEMBRE<\/p>\n<p>ore 13.30 SALA\u00a0ANTARES<\/p>\n<p>Networking: Conduttori e curatori incontrano le case editrici<\/p>\n<p>Fiere e festival del libro nel Lazio.<\/p>\n<p>Intervengono\u00a0Rachele Brancatisano\u00a0del\u00a0Festival delle storie\u00a0a Frosinone,\u00a0Francesca Mancini\u00a0di\u00a0Gita al Faro\u00a0a Ventotene,\u00a0Fabrizio Moscato\u00a0di\u00a0Liberi sulla Carta\u00a0a Rieti, Rita Petruccioli\u00a0di\u00a0La citt\u00e0 incantata\u00a0a Civita di Bagnoregio<\/p>\n<p>Modera\u00a0Margherita Schirmacher<\/p>\n<p>&nbsp;<\/p>\n<p><strong>DOMENICA 11 DICEMBRE<\/strong><\/p>\n<p>ore 14.00\u00a0SALA\u00a0LUNA<\/p>\n<p>Il Lazio si racconta in musica, passeggiate e parole<\/p>\n<p>Gioconde: il podcast sulla storia dell\u2019arte come non l&#8217;avete mai sentita<\/p>\n<p>Presentazione del podcast &#8220;Gioconde&#8221; e approfondimento, alla sua maniera, di due dei pi\u00f9 importanti artisti di tutti i tempi, visibili nella Capitale: Raffaello e Bernini<\/p>\n<p>Intervengono\u00a0Michela Giraud\u00a0e\u00a0Maria Onori<\/p>\n<p>Presenta\u00a0Margherita Schirmacher<\/p>\n<p>In collaborazione con Persona by Marina Rinaldi<\/p>\n<p>&nbsp;<\/p>\n","protected":false},"excerpt":{"rendered":"<p>LATINA &#8211;\u00a0Dal 7 all\u201911 dicembre 2022 torna, nel Roma Convention Center \u2013 La Nuvola, Pi\u00f9 Libri Pi\u00f9 Liberi, la Fiera Nazionale della Piccola e Media Editoria. Ci sar\u00e0 anche la Regione Lazio per \u00a0promuovere nelle sale della fiera e all\u2019interno dello stand L01 oltre 40 incontri, laboratori, tavole rotonde, realizzati in collaborazione con le case [&hellip;]<\/p>\n","protected":false},"author":60,"featured_media":322193,"comment_status":"open","ping_status":"open","sticky":false,"template":"","format":"standard","meta":{"footnotes":""},"categories":[16],"tags":[],"class_list":["post-322192","post","type-post","status-publish","format-standard","has-post-thumbnail","hentry","category-appuntamenti"],"_links":{"self":[{"href":"https:\/\/www.radioluna.it\/news\/wp-json\/wp\/v2\/posts\/322192","targetHints":{"allow":["GET"]}}],"collection":[{"href":"https:\/\/www.radioluna.it\/news\/wp-json\/wp\/v2\/posts"}],"about":[{"href":"https:\/\/www.radioluna.it\/news\/wp-json\/wp\/v2\/types\/post"}],"author":[{"embeddable":true,"href":"https:\/\/www.radioluna.it\/news\/wp-json\/wp\/v2\/users\/60"}],"replies":[{"embeddable":true,"href":"https:\/\/www.radioluna.it\/news\/wp-json\/wp\/v2\/comments?post=322192"}],"version-history":[{"count":0,"href":"https:\/\/www.radioluna.it\/news\/wp-json\/wp\/v2\/posts\/322192\/revisions"}],"wp:featuredmedia":[{"embeddable":true,"href":"https:\/\/www.radioluna.it\/news\/wp-json\/wp\/v2\/media\/322193"}],"wp:attachment":[{"href":"https:\/\/www.radioluna.it\/news\/wp-json\/wp\/v2\/media?parent=322192"}],"wp:term":[{"taxonomy":"category","embeddable":true,"href":"https:\/\/www.radioluna.it\/news\/wp-json\/wp\/v2\/categories?post=322192"},{"taxonomy":"post_tag","embeddable":true,"href":"https:\/\/www.radioluna.it\/news\/wp-json\/wp\/v2\/tags?post=322192"}],"curies":[{"name":"wp","href":"https:\/\/api.w.org\/{rel}","templated":true}]}}