{"id":322221,"date":"2022-12-07T14:32:24","date_gmt":"2022-12-07T13:32:24","guid":{"rendered":"https:\/\/www.radioluna.it\/news\/?p=322221"},"modified":"2022-12-09T09:34:28","modified_gmt":"2022-12-09T08:34:28","slug":"dipendente-di-abc-licenziato-per-condotte-anomale","status":"publish","type":"post","link":"https:\/\/www.radioluna.it\/news\/2022\/12\/dipendente-di-abc-licenziato-per-condotte-anomale\/","title":{"rendered":"Dipendente di Abc licenziato per condotte &#8220;anomale&#8221;"},"content":{"rendered":"<div id=\"fb-root\"><\/div>\n<p style=\"text-align: justify;\"><strong>LATINA<\/strong> &#8211; Un dipendente di Abc \u00e8 stato licenziato per condotte \u201canomale\u201d con applicazione della pi\u00f9 grave sanzione disciplinare. A darne notizia \u00e8 la stessa azienda pubblica in una nota nella quale il direttore Silvio Ascoli spiega: \u00abL\u2019obiettivo \u00e8 tutelare tutti i lavoratori che operano con onest\u00e0\u00bb<\/p>\n<p style=\"text-align: justify;\">Nel mirino erano finiti alcuni dipendenti che &#8211; spiega l&#8217;Azienda &#8211; nei mesi scorsi, si sono assentati dal lavoro utilizzando in maniera impropria l\u2019istituto della malattia e i permessi per la Legge 104\/92. &#8220;Le prove e i riscontri acquisiti a conclusione di un\u2019accurata e doverosa indagine, hanno confermato un comportamento non corretto da parte di alcuni dipendenti e, per uno di essi, si \u00e8 arrivati alla sanzione disciplinare massima consistente nella risoluzione del rapporto di lavoro&#8221;, spiega ancora il direttore.<br \/>\nUn atto che \u00e8 in linea con una modalit\u00e0 di gestione del personale che, da sempre, la ABC ha attuato. Negli anni passati, questa attivit\u00e0 ha condotto all\u2019adozione di provvedimenti di licenziamento per giusta causa nei confronti di un funzionario degli uffici amministrativi e di cinque lavoratori del comparto operativo.<br \/>\n\u00abE\u2019 una priorit\u00e0 mantenere un\u2019attenzione altissima alle procedure e ai controlli interni, nel pieno rispetto del cittadino-utente. \u2013 ha dichiarato il Direttore Silvio Ascoli &#8211; L\u2019obiettivo \u00e8 poi anche quello di tutelare tutti quei dipendenti che, ogni giorno, operano con onest\u00e0 e senso di responsabilit\u00e0 per il bene della collettivit\u00e0\u00bb.<\/p>\n","protected":false},"excerpt":{"rendered":"<p>LATINA &#8211; Un dipendente di Abc \u00e8 stato licenziato per condotte \u201canomale\u201d con applicazione della pi\u00f9 grave sanzione disciplinare. A darne notizia \u00e8 la stessa azienda pubblica in una nota nella quale il direttore Silvio Ascoli spiega: \u00abL\u2019obiettivo \u00e8 tutelare tutti i lavoratori che operano con onest\u00e0\u00bb Nel mirino erano finiti alcuni dipendenti che &#8211; [&hellip;]<\/p>\n","protected":false},"author":60,"featured_media":263154,"comment_status":"open","ping_status":"open","sticky":false,"template":"","format":"standard","meta":{"footnotes":""},"categories":[7],"tags":[],"class_list":["post-322221","post","type-post","status-publish","format-standard","has-post-thumbnail","hentry","category-cronaca"],"_links":{"self":[{"href":"https:\/\/www.radioluna.it\/news\/wp-json\/wp\/v2\/posts\/322221","targetHints":{"allow":["GET"]}}],"collection":[{"href":"https:\/\/www.radioluna.it\/news\/wp-json\/wp\/v2\/posts"}],"about":[{"href":"https:\/\/www.radioluna.it\/news\/wp-json\/wp\/v2\/types\/post"}],"author":[{"embeddable":true,"href":"https:\/\/www.radioluna.it\/news\/wp-json\/wp\/v2\/users\/60"}],"replies":[{"embeddable":true,"href":"https:\/\/www.radioluna.it\/news\/wp-json\/wp\/v2\/comments?post=322221"}],"version-history":[{"count":0,"href":"https:\/\/www.radioluna.it\/news\/wp-json\/wp\/v2\/posts\/322221\/revisions"}],"wp:featuredmedia":[{"embeddable":true,"href":"https:\/\/www.radioluna.it\/news\/wp-json\/wp\/v2\/media\/263154"}],"wp:attachment":[{"href":"https:\/\/www.radioluna.it\/news\/wp-json\/wp\/v2\/media?parent=322221"}],"wp:term":[{"taxonomy":"category","embeddable":true,"href":"https:\/\/www.radioluna.it\/news\/wp-json\/wp\/v2\/categories?post=322221"},{"taxonomy":"post_tag","embeddable":true,"href":"https:\/\/www.radioluna.it\/news\/wp-json\/wp\/v2\/tags?post=322221"}],"curies":[{"name":"wp","href":"https:\/\/api.w.org\/{rel}","templated":true}]}}