{"id":322246,"date":"2022-12-07T16:55:44","date_gmt":"2022-12-07T15:55:44","guid":{"rendered":"https:\/\/www.radioluna.it\/news\/?p=322246"},"modified":"2022-12-07T16:55:44","modified_gmt":"2022-12-07T15:55:44","slug":"la-regione-lazio-vara-il-fondo-contro-il-caro-energia-per-famiglie-e-imprese","status":"publish","type":"post","link":"https:\/\/www.radioluna.it\/news\/2022\/12\/la-regione-lazio-vara-il-fondo-contro-il-caro-energia-per-famiglie-e-imprese\/","title":{"rendered":"La Regione Lazio vara il Fondo contro il caro energia per famiglie e imprese"},"content":{"rendered":"<div id=\"fb-root\"><\/div>\n<p style=\"text-align: justify;\">La Regione Lazio ha varato un fondo da 25 milioni di euro per sostenere famiglie e imprese contro il caro energia: \u00a010 milioni a sostegno delle imprese e 15 milioni per le famiglie in condizioni di fragilit\u00e0 economica e sociale residenti nei Comuni del Lazio. I 10 milioni destinati alle imprese saranno erogati nell\u2019ambito della Sezione Speciale Lazio del Fondo di garanzia per le PMI. &#8220;<\/p>\n<p style=\"text-align: justify;\">Per fare fronte all\u2019eccezionale aumento dei prezzi dell\u2019energia e limitarne cos\u00ec gli effetti negativi sulle famiglie e sulle imprese, abbiamo deciso di creare un Fondo regionale di 25 milioni di euro, un modo concreto per sostenere il nostro territorio\u201d, ha detto il Presidente Vicario della Regione Lazio, Daniele Leodori. \u201cQuesta misura si aggiunge ad altri strumenti che la Regione sta mettendo in campo per sostenere le imprese in un momento di particolare crisi economica ed energetica. Una misura concreta che aiuter\u00e0 le imprese nella copertura dei costi d\u2019esercizio per il pagamento delle fatture, per i consumi energetici emesse nei mesi di ottobre, novembre e dicembre 2022 concetta a titolo gratuito nella misura massima dell\u201980% dell\u2019importo dell\u2019operazione finanziaria\u201d ha dichiarato l\u2019assessore regionale allo Sviluppo Economico, Commercio e Artigianato, Universit\u00e0, Ricerca, Startup e Innovazione, Paolo Orneli.<\/p>\n<p style=\"text-align: justify;\"><strong>COME OTTENERLO\u00a0<\/strong> &#8211; Per quanto riguarda i 15 milioni destinati alle famiglie, le disponibilit\u00e0 saranno erogate alla popolazione dai 37 distretti sociosanitari del Lazio, compreso quello del Comune di Roma Capitale, attraverso un aiuto una tantum di euro 150. Per poter richiedere il contributo, che \u00e8 cumulabile con altre agevolazioni volte a far fronte all\u2019incremento dei prezzi delle bollette, i cittadini devono essere residenti iscritti nell\u2019anagrafe dei Comuni del Lazio; possedere l\u2019attestazione ISEE il cui valore non deve superare i 25 mila euro; essere intestatari delle utenze di energia elettrica. Le domande dovranno essere presentate agli Uffici di piano dei distretti sociosanitari, che procederanno, a seguito dell\u2019istruttoria, all\u2019individuazione dei beneficiari e alla predisposizione di una graduatoria sulla base della attestazione ISEE. L\u2019erogazione del sostegno avverr\u00e0 da parte dell\u2019ente erogatore (comune\/ente capofila del distretto sociosanitario) entro e non oltre il 31 dicembre 2023.<\/p>\n<p style=\"text-align: justify;\">\u201cVogliamo supportare i cittadini in condizione di fragilit\u00e0 sociale ed economica a causa del caro bollette, adottando delle misure tangibili e tempestive per contrastare l\u2019aumento del costo dell\u2019energia &#8211; spiega l\u2019Assessore alle Politiche Sociali, Welfare, Beni Comuni e ASP Alessandra Troncarelli -.Sono purtroppo molte le persone che stanno vivendo una situazione di precariet\u00e0, essendo gi\u00e0 fortemente provate dalla crisi economica post pandemia; tante le famiglie spaventate dal futuro perch\u00e9 faticano a sostenere le spese e ad arrivare a fine mese. Con questo intervento offriamo un aiuto immediato e concreto, andando a ridurre il senso di incertezza e garantendo una certa serenit\u00e0 nella gestione della routine quotidiana. Vogliamo ribadire la nostra vicinanza alla popolazione riducendo la preoccupazione ed evitando che le persone si sentano sfiduciate e abbandonate. Puntiamo, inoltre, a contrastare anche l\u2019eventuale emarginazione e isolamento dei nuclei famigliari pi\u00f9 bisognosi\u201d.<\/p>\n<p style=\"text-align: justify;\">\u201cAiutare famiglie e imprese nel far fronte alla crisi energetica in corso, soprattutto le categorie pi\u00f9 fragili del tessuto sociale e produttivo della nostra regione, \u00e8 un dovere e allo stesso tempo il primo passo di un percorso di medio e lungo termine volto a farci emancipare dalla dipendenza delle fonti fossili in favore di una transizione energetica verso le rinnovabili, accessibile a tutti e partecipata. Solo cos\u00ec possiamo garantire benefici economici, ambientali e sociali. A tale scopo nei prossimi giorni sar\u00e0 pubblicato un primo bando per finanziare le Comunit\u00e0 Energetiche Rinnovabili nel Lazio, quale ulteriore strumento volto a ridurre caro energia ed inquinamento atmosferico\u201d, dichiara Roberta Lombardi, assessora regionale alla Transizione Ecologica e Trasformazione Digitale.<\/p>\n","protected":false},"excerpt":{"rendered":"<p>La Regione Lazio ha varato un fondo da 25 milioni di euro per sostenere famiglie e imprese contro il caro energia: \u00a010 milioni a sostegno delle imprese e 15 milioni per le famiglie in condizioni di fragilit\u00e0 economica e sociale residenti nei Comuni del Lazio. I 10 milioni destinati alle imprese saranno erogati nell\u2019ambito della [&hellip;]<\/p>\n","protected":false},"author":60,"featured_media":134481,"comment_status":"open","ping_status":"open","sticky":false,"template":"","format":"standard","meta":{"footnotes":""},"categories":[735],"tags":[],"class_list":["post-322246","post","type-post","status-publish","format-standard","has-post-thumbnail","hentry","category-attualita"],"_links":{"self":[{"href":"https:\/\/www.radioluna.it\/news\/wp-json\/wp\/v2\/posts\/322246","targetHints":{"allow":["GET"]}}],"collection":[{"href":"https:\/\/www.radioluna.it\/news\/wp-json\/wp\/v2\/posts"}],"about":[{"href":"https:\/\/www.radioluna.it\/news\/wp-json\/wp\/v2\/types\/post"}],"author":[{"embeddable":true,"href":"https:\/\/www.radioluna.it\/news\/wp-json\/wp\/v2\/users\/60"}],"replies":[{"embeddable":true,"href":"https:\/\/www.radioluna.it\/news\/wp-json\/wp\/v2\/comments?post=322246"}],"version-history":[{"count":0,"href":"https:\/\/www.radioluna.it\/news\/wp-json\/wp\/v2\/posts\/322246\/revisions"}],"wp:featuredmedia":[{"embeddable":true,"href":"https:\/\/www.radioluna.it\/news\/wp-json\/wp\/v2\/media\/134481"}],"wp:attachment":[{"href":"https:\/\/www.radioluna.it\/news\/wp-json\/wp\/v2\/media?parent=322246"}],"wp:term":[{"taxonomy":"category","embeddable":true,"href":"https:\/\/www.radioluna.it\/news\/wp-json\/wp\/v2\/categories?post=322246"},{"taxonomy":"post_tag","embeddable":true,"href":"https:\/\/www.radioluna.it\/news\/wp-json\/wp\/v2\/tags?post=322246"}],"curies":[{"name":"wp","href":"https:\/\/api.w.org\/{rel}","templated":true}]}}