{"id":322260,"date":"2022-12-07T18:19:23","date_gmt":"2022-12-07T17:19:23","guid":{"rendered":"https:\/\/www.radioluna.it\/news\/?p=322260"},"modified":"2022-12-07T18:19:23","modified_gmt":"2022-12-07T17:19:23","slug":"lallieva-e-il-maestro-la-mostra-a-latina","status":"publish","type":"post","link":"https:\/\/www.radioluna.it\/news\/2022\/12\/lallieva-e-il-maestro-la-mostra-a-latina\/","title":{"rendered":"&#8220;L&#8217;allieva e il Maestro&#8221;: la mostra a Latina"},"content":{"rendered":"<div id=\"fb-root\"><\/div>\n<p style=\"text-align: justify;\"><strong>LATINA<\/strong> &#8211; Si intitola \u201cL\u2019allieva e il maestro\u201d, la mostra che si svolger\u00e0 venerd\u00ec 9 dicembre alle 17,30 presso Spazio idea, in via Sisto V n. 11 a Latina. &#8220;L\u2019allieva \u00e8 Maria Gloria Marchionne, il maestro \u00e8 Alberto Serarcangeli, artista, docente e divulgatore. Non ci sar\u00e0 solo un\u2019esposizione di quadri, ma la storia tutta da conoscere di una trasmissione del sapere&#8221;, spiegano gli organizzatori.<\/p>\n<p style=\"text-align: justify;\">Maria Gloria Marchionne che ha insegnato alle medie e alle superiori a Latina racconta l&#8217;incontro:\u00a0 \u201cNello studio del Maestro con gli odori della trementina, dei colori ad olio: tutto mi \u00e8 subito piaciuto e mi ha affascinato. Ho continuato a dipingere da lui in momenti bui, ed era una panacea rigenerante&#8221;.<\/p>\n<p style=\"text-align: justify;\">Alberto Serarcangeli, figura di spicco nella cultura del capoluogo, che spazia dalla pittura alla decorazione di oggetti e ambienti, dall\u2019incisione serigrafica o calcografica alla scultura in legno, resine e metalli, ha scelto i quadri di medie dimensioni che saranno in esposizione per raccontate il &#8220;felice incontro tra un insegnante generoso e la sua allieva&#8221;. Alcune opere della sua collezione saranno esposte da Spazio Idea &#8220;quasi a instaurare un dialogo con quelle dell\u2019allieva Marchionne&#8221;.<\/p>\n<p style=\"text-align: justify;\">A fare da cornice alcune creazioni artistiche realizzate per il Natale dall&#8217;artista di Latina Ersilia Sarrecchia.\u00a0 Ci saranno anche alcuni oggetti di design dell\u2019artista Graziella Rinaldi.\u00a0Non mancher\u00e0 un brindisi natalizio e per celebrare il primo anno del nuovo corso del negozio Spazio Idea.<\/p>\n<p>&nbsp;<\/p>\n<p>&nbsp;<\/p>\n","protected":false},"excerpt":{"rendered":"<p>LATINA &#8211; Si intitola \u201cL\u2019allieva e il maestro\u201d, la mostra che si svolger\u00e0 venerd\u00ec 9 dicembre alle 17,30 presso Spazio idea, in via Sisto V n. 11 a Latina. &#8220;L\u2019allieva \u00e8 Maria Gloria Marchionne, il maestro \u00e8 Alberto Serarcangeli, artista, docente e divulgatore. Non ci sar\u00e0 solo un\u2019esposizione di quadri, ma la storia tutta da [&hellip;]<\/p>\n","protected":false},"author":60,"featured_media":322261,"comment_status":"open","ping_status":"open","sticky":false,"template":"","format":"standard","meta":{"footnotes":""},"categories":[16],"tags":[],"class_list":["post-322260","post","type-post","status-publish","format-standard","has-post-thumbnail","hentry","category-appuntamenti"],"_links":{"self":[{"href":"https:\/\/www.radioluna.it\/news\/wp-json\/wp\/v2\/posts\/322260","targetHints":{"allow":["GET"]}}],"collection":[{"href":"https:\/\/www.radioluna.it\/news\/wp-json\/wp\/v2\/posts"}],"about":[{"href":"https:\/\/www.radioluna.it\/news\/wp-json\/wp\/v2\/types\/post"}],"author":[{"embeddable":true,"href":"https:\/\/www.radioluna.it\/news\/wp-json\/wp\/v2\/users\/60"}],"replies":[{"embeddable":true,"href":"https:\/\/www.radioluna.it\/news\/wp-json\/wp\/v2\/comments?post=322260"}],"version-history":[{"count":0,"href":"https:\/\/www.radioluna.it\/news\/wp-json\/wp\/v2\/posts\/322260\/revisions"}],"wp:featuredmedia":[{"embeddable":true,"href":"https:\/\/www.radioluna.it\/news\/wp-json\/wp\/v2\/media\/322261"}],"wp:attachment":[{"href":"https:\/\/www.radioluna.it\/news\/wp-json\/wp\/v2\/media?parent=322260"}],"wp:term":[{"taxonomy":"category","embeddable":true,"href":"https:\/\/www.radioluna.it\/news\/wp-json\/wp\/v2\/categories?post=322260"},{"taxonomy":"post_tag","embeddable":true,"href":"https:\/\/www.radioluna.it\/news\/wp-json\/wp\/v2\/tags?post=322260"}],"curies":[{"name":"wp","href":"https:\/\/api.w.org\/{rel}","templated":true}]}}