{"id":322305,"date":"2022-12-09T10:34:35","date_gmt":"2022-12-09T09:34:35","guid":{"rendered":"https:\/\/www.radioluna.it\/news\/?p=322305"},"modified":"2022-12-09T13:16:58","modified_gmt":"2022-12-09T12:16:58","slug":"partite-le-domeniche-solidali-del-pd-latina","status":"publish","type":"post","link":"https:\/\/www.radioluna.it\/news\/2022\/12\/partite-le-domeniche-solidali-del-pd-latina\/","title":{"rendered":"Partite le domeniche solidali del Pd Latina"},"content":{"rendered":"<div id=\"fb-root\"><\/div>\n<p style=\"text-align: justify;\"><strong>LATINA &#8211;<\/strong> Sono partite le Domeniche Solidali del PD di Latina, che vedr\u00e0 nei prossimi mesi impegnato il Partito nella raccolta di generi alimentari, beni di prima necessit\u00e0, coperte e vestiti, da destinare a chi ne ha bisogna, la prima domenica scorsa.<\/p>\n<p style=\"text-align: justify;\">&#8220;Un&#8217;iniziativa con cui vogliamo essere anche il Partito della solidariet\u00e0 diretta &#8211; spiega il segretario comunale Leonardo Majocchi &#8211; \u00a0siamo consapevoli che su questo terreno operano fruttuosamente e da anni associazioni, comitati, parrocchie, liberi cittadini, proveremo ad essere soltanto utili, n\u00e9 strumentalmente n\u00e9 di facciata: spesso la politica ha scelto di fare altro. E questa iniziativa si aggiunge a tutta una serie di iniziative che stiamo mettendo in campo per dare una nuova linfa al Partito, senza troppi proclami&#8221;.<\/p>\n<p style=\"text-align: justify;\">Un&#8217;iniziativa che ha ricevuto subito risposta da parte dei cittadini. &#8220;Molte persone si sono avvicinate chiedendoci informazioni, tante altre, che ringraziamo, hanno scelto liberamente di donare cibo ed altri beni. Il cammino sar\u00e0 lungo e non si esaurir\u00e0 di certo con poche comparse, gi\u00e0 da questi giorni stiamo organizzando le consegne sul territorio. In alcuni casi si tratta di famiglie e persone singole, spesso fuori dalle reti di protezione, in altri di realt\u00e0 pi\u00f9 strutturate&#8221;, raccontano Emanuela Rovidotti e Franco Viola, promotori e coordinatori dell&#8217;iniziativa.<\/p>\n<p style=\"text-align: justify;\">I prossimi appuntamenti saranno resi pubblici sui canali ufficiali e social del PD di Latina, mentre \u00e8 aperta dalle 15 alle 20 la sede in Via Carducci 7.<\/p>\n<p style=\"text-align: justify;\">\n<p>.<\/p>\n<p>&nbsp;<\/p>\n<p>&nbsp;<\/p>\n","protected":false},"excerpt":{"rendered":"<p>LATINA &#8211; Sono partite le Domeniche Solidali del PD di Latina, che vedr\u00e0 nei prossimi mesi impegnato il Partito nella raccolta di generi alimentari, beni di prima necessit\u00e0, coperte e vestiti, da destinare a chi ne ha bisogna, la prima domenica scorsa. &#8220;Un&#8217;iniziativa con cui vogliamo essere anche il Partito della solidariet\u00e0 diretta &#8211; spiega [&hellip;]<\/p>\n","protected":false},"author":60,"featured_media":322306,"comment_status":"open","ping_status":"open","sticky":false,"template":"","format":"standard","meta":{"footnotes":""},"categories":[16],"tags":[],"class_list":["post-322305","post","type-post","status-publish","format-standard","has-post-thumbnail","hentry","category-appuntamenti"],"_links":{"self":[{"href":"https:\/\/www.radioluna.it\/news\/wp-json\/wp\/v2\/posts\/322305","targetHints":{"allow":["GET"]}}],"collection":[{"href":"https:\/\/www.radioluna.it\/news\/wp-json\/wp\/v2\/posts"}],"about":[{"href":"https:\/\/www.radioluna.it\/news\/wp-json\/wp\/v2\/types\/post"}],"author":[{"embeddable":true,"href":"https:\/\/www.radioluna.it\/news\/wp-json\/wp\/v2\/users\/60"}],"replies":[{"embeddable":true,"href":"https:\/\/www.radioluna.it\/news\/wp-json\/wp\/v2\/comments?post=322305"}],"version-history":[{"count":0,"href":"https:\/\/www.radioluna.it\/news\/wp-json\/wp\/v2\/posts\/322305\/revisions"}],"wp:featuredmedia":[{"embeddable":true,"href":"https:\/\/www.radioluna.it\/news\/wp-json\/wp\/v2\/media\/322306"}],"wp:attachment":[{"href":"https:\/\/www.radioluna.it\/news\/wp-json\/wp\/v2\/media?parent=322305"}],"wp:term":[{"taxonomy":"category","embeddable":true,"href":"https:\/\/www.radioluna.it\/news\/wp-json\/wp\/v2\/categories?post=322305"},{"taxonomy":"post_tag","embeddable":true,"href":"https:\/\/www.radioluna.it\/news\/wp-json\/wp\/v2\/tags?post=322305"}],"curies":[{"name":"wp","href":"https:\/\/api.w.org\/{rel}","templated":true}]}}