{"id":322400,"date":"2022-12-12T08:36:41","date_gmt":"2022-12-12T07:36:41","guid":{"rendered":"https:\/\/www.radioluna.it\/news\/?p=322400"},"modified":"2022-12-12T18:27:38","modified_gmt":"2022-12-12T17:27:38","slug":"qualita-della-vita-latina-solo-80-ma-risale-di-tre-posizioni","status":"publish","type":"post","link":"https:\/\/www.radioluna.it\/news\/2022\/12\/qualita-della-vita-latina-solo-80-ma-risale-di-tre-posizioni\/","title":{"rendered":"Qualit\u00e0 della vita, provincia di Latina solo 80\u00b0, ma risale di tre posizioni"},"content":{"rendered":"<div id=\"fb-root\"><\/div>\n<p><strong><img loading=\"lazy\" decoding=\"async\" class=\"size-full wp-image-322408 aligncenter\" src=\"https:\/\/www.radioluna.it\/news\/wp-content\/uploads\/2022\/12\/tabella.jpg\" alt=\"\" width=\"822\" height=\"435\" srcset=\"https:\/\/www.radioluna.it\/news\/wp-content\/uploads\/2022\/12\/tabella.jpg 822w, https:\/\/www.radioluna.it\/news\/wp-content\/uploads\/2022\/12\/tabella-768x406.jpg 768w\" sizes=\"auto, (max-width: 822px) 100vw, 822px\" \/>LATINA &#8211; <\/strong>Latina con la sua provincia sono in 80\u00b0 posizione nella classifica della Qualit\u00e0 della Vita del Sole 24 ore, pubblicata oggi sul quotidiano economico (la tabella \u00e8 del Sole 24 Ore), in risalita di tre posizioni, ma comunque in posizione non edificante. E&#8217; poi 74\u00b0 nella speciale classifica sulla qualit\u00e0 delle donne.<\/p>\n<p>Un risultato che premia la provincia di Latina nel settore Affari e Lavoro dove scala ben 23 posizioni ed \u00e8 23\u00b0, mentre la performance peggiore \u00e8 quella quella che riguarda gli indicatori contenuti nell&#8217;ambito Giustizia e Sicurezza dove scende di 7 posizioni e precipita il 90\u00b0 posizione e in Ambiente e servizi dove risale ma resta 100\u00b0.<\/p>\n<p style=\"text-align: justify;\">E&#8217; il quadro che emerge dalla 33\u00b0 edizione dell\u2019indagine pubblicata oggi, 12 dicembre che vede prima Bologna, seguita sul podio da Bolzano e Firenze. I 90 indicatori statistici alla base dell\u2019indagine, di cui 40 aggiornati al 2022, presentano una serie di novit\u00e0: due indicatori sull\u2019inflazione; un pacchetto di indicatori su energia da fonti rinnovabili\/riqualificazioni energetiche\/consumi energetici; l\u2019indice della partecipazione elettorale alle ultime elezioni politiche di settembre 2022; nove indici sintetici inclusi nell\u2019indagine che aggregano pi\u00f9 parametri (Qualit\u00e0 della vita di giovani, bambini e anziani, Qualit\u00e0 della vita delle donne, Ecosistema urbano, Indice della criminalit\u00e0, Indice di sportivit\u00e0, Indice del clima, IcityRank sulle citt\u00e0 digitali).<\/p>\n<p style=\"text-align: justify;\">Per quanto riguarda i <u>sei ambiti<\/u> in cui sono suddivisi i 90 indicatori, il podio vede in cima per RICCHEZZA E CONSUMI Belluno, Bologna e Bolzano; per AFFARI E LAVORO Milano, Trieste e Roma; per DEMOGRAFIA SALUTE E SOCIETA\u2019 Bologna, Modena e Roma; per AMBIENTE E SERVIZI Pisa, Siena e Aosta; per GIUSTIZIA E SICUREZZA Oristano, Pordenone e Sondrio; per CULTURA E TEMPO LIBERO Firenze, Trieste e Gorizia.<\/p>\n<p style=\"text-align: justify;\">Nella seconda edizione dell&#8217;indice della Qualit\u00e0 della vita delle donne, Latina resta stabile.<\/p>\n<div class=\"radio-posizionamento-telefono-in-articoli-dopo-il-contenuto-articolo radio-entity-placement\" id=\"radio-3384389807\"><div id=\"radio-564555032\"><a href=\"https:\/\/grupporedi.it\/\" aria-label=\"Redi-Qr\"><img loading=\"lazy\" decoding=\"async\" src=\"https:\/\/www.radioluna.it\/news\/wp-content\/uploads\/2026\/03\/Redi-Qr.jpg\" alt=\"\"  srcset=\"https:\/\/www.radioluna.it\/news\/wp-content\/uploads\/2026\/03\/Redi-Qr.jpg 800w, https:\/\/www.radioluna.it\/news\/wp-content\/uploads\/2026\/03\/Redi-Qr-768x639.jpg 768w\" sizes=\"(max-width: 800px) 100vw, 800px\" width=\"300\" height=\"250\"   \/><\/a><\/div><\/div>","protected":false},"excerpt":{"rendered":"<p>LATINA &#8211; Latina con la sua provincia sono in 80\u00b0 posizione nella classifica della Qualit\u00e0 della Vita del Sole 24 ore, pubblicata oggi sul quotidiano economico (la tabella \u00e8 del Sole 24 Ore), in risalita di tre posizioni, ma comunque in posizione non edificante. E&#8217; poi 74\u00b0 nella speciale classifica sulla qualit\u00e0 delle donne. Un [&hellip;]<\/p>\n","protected":false},"author":60,"featured_media":322401,"comment_status":"open","ping_status":"open","sticky":false,"template":"","format":"standard","meta":{"footnotes":""},"categories":[735],"tags":[],"class_list":["post-322400","post","type-post","status-publish","format-standard","has-post-thumbnail","hentry","category-attualita"],"_links":{"self":[{"href":"https:\/\/www.radioluna.it\/news\/wp-json\/wp\/v2\/posts\/322400","targetHints":{"allow":["GET"]}}],"collection":[{"href":"https:\/\/www.radioluna.it\/news\/wp-json\/wp\/v2\/posts"}],"about":[{"href":"https:\/\/www.radioluna.it\/news\/wp-json\/wp\/v2\/types\/post"}],"author":[{"embeddable":true,"href":"https:\/\/www.radioluna.it\/news\/wp-json\/wp\/v2\/users\/60"}],"replies":[{"embeddable":true,"href":"https:\/\/www.radioluna.it\/news\/wp-json\/wp\/v2\/comments?post=322400"}],"version-history":[{"count":0,"href":"https:\/\/www.radioluna.it\/news\/wp-json\/wp\/v2\/posts\/322400\/revisions"}],"wp:featuredmedia":[{"embeddable":true,"href":"https:\/\/www.radioluna.it\/news\/wp-json\/wp\/v2\/media\/322401"}],"wp:attachment":[{"href":"https:\/\/www.radioluna.it\/news\/wp-json\/wp\/v2\/media?parent=322400"}],"wp:term":[{"taxonomy":"category","embeddable":true,"href":"https:\/\/www.radioluna.it\/news\/wp-json\/wp\/v2\/categories?post=322400"},{"taxonomy":"post_tag","embeddable":true,"href":"https:\/\/www.radioluna.it\/news\/wp-json\/wp\/v2\/tags?post=322400"}],"curies":[{"name":"wp","href":"https:\/\/api.w.org\/{rel}","templated":true}]}}