{"id":322423,"date":"2022-12-12T10:37:55","date_gmt":"2022-12-12T09:37:55","guid":{"rendered":"https:\/\/www.radioluna.it\/news\/?p=322423"},"modified":"2022-12-15T16:40:13","modified_gmt":"2022-12-15T15:40:13","slug":"carlo-dercole-primo-al-campionato-nazionale-wave-al-lido-di-latina","status":"publish","type":"post","link":"https:\/\/www.radioluna.it\/news\/2022\/12\/carlo-dercole-primo-al-campionato-nazionale-wave-al-lido-di-latina\/","title":{"rendered":"Carlo D\u2019Ercole primo al Campionato nazionale Wave al Lido di Latina"},"content":{"rendered":"<div id=\"fb-root\"><\/div>\n<p style=\"text-align: justify;\"><strong>LATINA<\/strong> \u2013 Si \u00e8 conclusa ieri al lido di Latina la seconda tappa del campionato nazionale wave\u00a0 del circuito CKWI (Classe Kiteboarding e Wingsport) della Federazione Italiana Vela. Una manifestazione che approda per la prima volta a Latina dove si sono dati appuntamento i migliori atleti wave provenienti da tutta Italia per una giornata di spettacolo grazie a vento e grandi onde.<\/p>\n<p style=\"text-align: justify;\">Grande soddisfazione per gli atleti di Latina, con la conquista del podio pi\u00f9 alto nella categoria master, vinta dal pontino Carlo D\u2019Ercole dell\u2019associazione Kitesurf Italiana, societ\u00e0 storica con sede proprio a Latina. Nella categoria Open successo del calabrese Antonio Giliberto, con il secondo podio conquistato da Yaris dell\u2019Omo e terzo posto per Marco Baiocchi.<\/p>\n<p style=\"text-align: justify;\">L\u2019Associazione Kitesurf Italiana rappresenta da anni una vera eccellenza e orgoglio pontino: \u201cSono veramente soddisfatto del risultato raggiunto &#8211; commenta il latinense Antonio Gaudini che \u00e8 anche presidente dell\u2019Associazione Kitesurf Italiana &#8211; Carlo D\u2019Ercole \u00e8 uno dei pi\u00f9 talentuosi rider di Latina che \u00e8 riuscito a cavalcare le migliori onde. Siamo fierissimi del risultato che si unisce un altro grande traguardo per cui possiamo dire che Latina domina nel mondo in questo sport. Lo scorso novembre, infatti, sul podio pi\u00f9 alto al mondo grazie alla conquista del campionato mondiale di kitesurf disputatosi in Brasile, \u00e8 salito un altro atleta della scuderia dell\u2019Associazione kitesurf Italiana, Gianmaria Coccoluto di Terracina\u201d.<br \/>\n\u201cUn anno cos\u00ec non poteva che concludersi nel migliore dei modi, sperando che il 2023 ci regali ancora grandi emozioni. Sono fierissimo dei miei ragazzi, volevo ringraziarli per questi grandi risultati ottenuti dopo tanti anni di preparazione &#8220;, conclude Gaudini.<\/p>\n<div class=\"radio-posizionamento-telefono-in-articoli-dopo-il-contenuto-articolo radio-entity-placement\" id=\"radio-1676091866\"><div id=\"radio-426166959\"><a href=\"https:\/\/www.simeoneceramiche.com\/\" aria-label=\"SIMEONE CERAMICHE GIF animata per radioluna_Tavola disegno 1 copia 2 (online-video-cutter.com)\"><img loading=\"lazy\" decoding=\"async\" src=\"https:\/\/www.radioluna.it\/news\/wp-content\/uploads\/2025\/05\/SIMEONE-CERAMICHE-GIF-animata-per-radioluna_Tavola-disegno-1-copia-2-online-video-cutter.com_.gif\" alt=\"\"  width=\"300\" height=\"250\"   \/><\/a><\/div><\/div>","protected":false},"excerpt":{"rendered":"<p>LATINA \u2013 Si \u00e8 conclusa ieri al lido di Latina la seconda tappa del campionato nazionale wave\u00a0 del circuito CKWI (Classe Kiteboarding e Wingsport) della Federazione Italiana Vela. Una manifestazione che approda per la prima volta a Latina dove si sono dati appuntamento i migliori atleti wave provenienti da tutta Italia per una giornata di [&hellip;]<\/p>\n","protected":false},"author":5430,"featured_media":322424,"comment_status":"open","ping_status":"open","sticky":false,"template":"","format":"standard","meta":{"footnotes":""},"categories":[17],"tags":[],"class_list":["post-322423","post","type-post","status-publish","format-standard","has-post-thumbnail","hentry","category-sport"],"_links":{"self":[{"href":"https:\/\/www.radioluna.it\/news\/wp-json\/wp\/v2\/posts\/322423","targetHints":{"allow":["GET"]}}],"collection":[{"href":"https:\/\/www.radioluna.it\/news\/wp-json\/wp\/v2\/posts"}],"about":[{"href":"https:\/\/www.radioluna.it\/news\/wp-json\/wp\/v2\/types\/post"}],"author":[{"embeddable":true,"href":"https:\/\/www.radioluna.it\/news\/wp-json\/wp\/v2\/users\/5430"}],"replies":[{"embeddable":true,"href":"https:\/\/www.radioluna.it\/news\/wp-json\/wp\/v2\/comments?post=322423"}],"version-history":[{"count":0,"href":"https:\/\/www.radioluna.it\/news\/wp-json\/wp\/v2\/posts\/322423\/revisions"}],"wp:featuredmedia":[{"embeddable":true,"href":"https:\/\/www.radioluna.it\/news\/wp-json\/wp\/v2\/media\/322424"}],"wp:attachment":[{"href":"https:\/\/www.radioluna.it\/news\/wp-json\/wp\/v2\/media?parent=322423"}],"wp:term":[{"taxonomy":"category","embeddable":true,"href":"https:\/\/www.radioluna.it\/news\/wp-json\/wp\/v2\/categories?post=322423"},{"taxonomy":"post_tag","embeddable":true,"href":"https:\/\/www.radioluna.it\/news\/wp-json\/wp\/v2\/tags?post=322423"}],"curies":[{"name":"wp","href":"https:\/\/api.w.org\/{rel}","templated":true}]}}