{"id":322578,"date":"2022-12-17T08:43:23","date_gmt":"2022-12-17T07:43:23","guid":{"rendered":"https:\/\/www.radioluna.it\/news\/?p=322578"},"modified":"2022-12-20T19:03:07","modified_gmt":"2022-12-20T18:03:07","slug":"latina-compie-90-anni-concerto-al-dannunzio","status":"publish","type":"post","link":"https:\/\/www.radioluna.it\/news\/2022\/12\/latina-compie-90-anni-concerto-al-dannunzio\/","title":{"rendered":"Latina compie 90 anni, via ai festeggiamenti: concerto in piazza e al D&#8217;Annunzio"},"content":{"rendered":"<div id=\"fb-root\"><\/div>\n<p style=\"text-align: justify;\"><strong>LATINA<\/strong> &#8211; La festa per i primi 90 anni di Latina \u00e8 gi\u00e0 cominciata. Venerd\u00ec sera, allestito in piazza della Libert\u00e0 il grande palco che accoglier\u00e0 il concerto <strong>90 WONDERLAND,<\/strong> sono risuonate le prime note: prove audio per lo spettacolo che comincer\u00e0 alle 22, una festa aperta a tutti, a tema anni \u201990, che vedr\u00e0 protagonisti i Fanoya, gruppo indie formato da \u00a0Giacinto Brienza (voce\/chitarra) e Leone Tiso (synth). A seguire, allo scoccare della mezzanotte, uno spettacolo di fuochi d\u2019artificio aprir\u00e0 ufficialmente i festeggiamenti per i 90 di Latina.<\/p>\n<p style=\"text-align: justify;\"><strong>DOMENICA 18 DICEMBRE\u00a0<\/strong> &#8211; La giornata di domenica 18 dicembre \u00e8 densa di eventi: alle 11 la tradizionale <strong>deposizione di una corona di fiori al Monumento del Bonificatore<\/strong> in Piazza del Quadrato con il corteo composto da autorit\u00e0 civili, militari e religiose prender\u00e0 le mosse da Piazza del Popolo alle 10.30. La giornata prosegue alle 18 con la\u00a0<strong>Santa Messa<\/strong>, celebrata nella Cattedrale di San Marco, dal Vescovo Mons. Mariano Crociata, anche questo momento di forte tradizione. E poi il primo appuntamento dopo la fine dei lavori al Teatro D&#8217;Annunzio.<\/p>\n<p style=\"text-align: justify;\">L&#8217;appuntamento alle 19.30 con il concerto dell\u2019Ensemble Simphony Orchestra diretta dal Maestro Loprieno con \u201c<strong>Alla scoperta di Morricone<\/strong>\u201d (con la partecipazione straordinaria dell\u2019attore Luca Angeletti). Al Teatro D\u2019Annunzio, madrina della serata sar\u00e0 l\u2019attrice di Latina Ilaria Spada.<\/p>\n<p style=\"text-align: justify;\">Dalla mattina alle 9 e fino alle 17 sar\u00e0 possibile visitare all&#8217;Archivio di Stato di Latina la Mostra documentaria \u201c<strong>Nascita di una citt\u00e0\u201d\u00a0<\/strong><strong>l\u2019avvio dell\u2019amministrazione comunale (1931-1934) attraverso le carte dell\u2019Archivio di Stato di Latina<\/strong>. L\u2019esposizione, realizzata in collaborazione e con il contributo scientifico dell\u2019ISUS-Istituto di Scienze Umane e Sociali, sar\u00e0 visitabile per tutta la giornata del 18 dicembre nella sede di via dei Piceni 24.<\/p>\n<p style=\"text-align: justify;\">Mentre al Museo Cambellotti inaugura oggi (sabato) e sar\u00e0 visitabile fino al 28 gennaio la Mostra \u201c<strong>Incroci di arte<\/strong>\u201d, organizzata dall\u2019associazione culturale Versys e curata da Alessandro Cocchieri.<\/p>\n<p>&#8220;Riaprire il Teatro va visto come una nuova rinascita per la citt\u00e0&#8221;, ha detto il commissario straordinario del Comune di Latina Carmine Valente\u00a0 che ha presentato gli eventi con la sub commissaria Monica Perna e con i partner Atcl, Ventidieci e Citt\u00e0 Sport Cultura.<\/p>\n<p><strong>LA CARTOLINA<\/strong> &#8211; L&#8217;immagine dei 90 anni di Latina in cui sono condensati il passato, il presente e il futuro della citt\u00e0, \u00e8 frutto del lavoro della grafica di Latina, <strong>Silvia La Rosa<\/strong>.<\/p>\n<p>&nbsp;<\/p>\n","protected":false},"excerpt":{"rendered":"<p>LATINA &#8211; La festa per i primi 90 anni di Latina \u00e8 gi\u00e0 cominciata. Venerd\u00ec sera, allestito in piazza della Libert\u00e0 il grande palco che accoglier\u00e0 il concerto 90 WONDERLAND, sono risuonate le prime note: prove audio per lo spettacolo che comincer\u00e0 alle 22, una festa aperta a tutti, a tema anni \u201990, che vedr\u00e0 [&hellip;]<\/p>\n","protected":false},"author":62,"featured_media":322749,"comment_status":"open","ping_status":"open","sticky":false,"template":"","format":"standard","meta":{"footnotes":""},"categories":[16,2403],"tags":[],"class_list":["post-322578","post","type-post","status-publish","format-standard","has-post-thumbnail","hentry","category-appuntamenti","category-le-cose-in-comune"],"_links":{"self":[{"href":"https:\/\/www.radioluna.it\/news\/wp-json\/wp\/v2\/posts\/322578","targetHints":{"allow":["GET"]}}],"collection":[{"href":"https:\/\/www.radioluna.it\/news\/wp-json\/wp\/v2\/posts"}],"about":[{"href":"https:\/\/www.radioluna.it\/news\/wp-json\/wp\/v2\/types\/post"}],"author":[{"embeddable":true,"href":"https:\/\/www.radioluna.it\/news\/wp-json\/wp\/v2\/users\/62"}],"replies":[{"embeddable":true,"href":"https:\/\/www.radioluna.it\/news\/wp-json\/wp\/v2\/comments?post=322578"}],"version-history":[{"count":0,"href":"https:\/\/www.radioluna.it\/news\/wp-json\/wp\/v2\/posts\/322578\/revisions"}],"wp:featuredmedia":[{"embeddable":true,"href":"https:\/\/www.radioluna.it\/news\/wp-json\/wp\/v2\/media\/322749"}],"wp:attachment":[{"href":"https:\/\/www.radioluna.it\/news\/wp-json\/wp\/v2\/media?parent=322578"}],"wp:term":[{"taxonomy":"category","embeddable":true,"href":"https:\/\/www.radioluna.it\/news\/wp-json\/wp\/v2\/categories?post=322578"},{"taxonomy":"post_tag","embeddable":true,"href":"https:\/\/www.radioluna.it\/news\/wp-json\/wp\/v2\/tags?post=322578"}],"curies":[{"name":"wp","href":"https:\/\/api.w.org\/{rel}","templated":true}]}}