{"id":322747,"date":"2022-12-17T10:21:20","date_gmt":"2022-12-17T09:21:20","guid":{"rendered":"https:\/\/www.radioluna.it\/news\/?p=322747"},"modified":"2022-12-20T19:01:53","modified_gmt":"2022-12-20T18:01:53","slug":"i-90-anni-di-latina-pedrizzi-una-festa-della-comunita-che-celebra-il-passato-e-si-proietta-nel-futuro-e-nella-modernita","status":"publish","type":"post","link":"https:\/\/www.radioluna.it\/news\/2022\/12\/i-90-anni-di-latina-pedrizzi-una-festa-della-comunita-che-celebra-il-passato-e-si-proietta-nel-futuro-e-nella-modernita\/","title":{"rendered":"I 90 anni di Latina, Pedrizzi: \u201cUna festa della comunit\u00e0 che celebra il passato e si proietta nel futuro e nella modernit\u00e0\u201d"},"content":{"rendered":"<div id=\"fb-root\"><\/div>\n<p style=\"text-align: justify;\"><strong>LATINA<\/strong> &#8211;\u00a0\u201cLatina \u00e8 una grande comunit\u00e0 dalle profonde radici storiche e culturali che si sta proiettando nel modo migliore anche nel futuro, grazie alle sinergie tra istituzioni, imprese e cittadini. Le celebrazioni del suo novantennale, in questi giorni, sono il doveroso riflettore acceso sul passato ma anche sul presente di questa citt\u00e0 che merita la ribalta nazionale con grandi eventi e che rappresenta il baricentro dello sviluppo per tutto l\u2019Agropontino&#8221;. E&#8217; la riflessione del senatore Riccardo Pedrizzi, presidente Citt\u00e0 Sport e Cultura, l&#8217;associazione tra i partner del Comune in occasione delle celebrazioni per il compleanno della citt\u00e0. Pedrizzi, in una nota, esprime entusiasmo &#8220;da cittadino di Latina, per le iniziative presentate dalle istituzioni e dai promotori degli eventi per celebrare il 90esimo anniversario della nascita della citt\u00e0. Dimostriamo &#8211; prosegue &#8211;\u00a0 che si possono raggiungere grandi risultati creando sinergie tra le varie realt\u00e0 locali. Ben vengano eventi come questa due giorni che coinvolge tutta la citt\u00e0, un plauso particolare va al commissario prefettizio per la riapertura del teatro e il coinvolgimento di realt\u00e0 operanti sul territorio. La ripresa economica e sociale del Paese deve sbocciare dalle realt\u00e0 locali, nelle quali seminare il germe della convivenza, della socialit\u00e0, della memoria e della capacit\u00e0 di investimento sui giovani, sul lavoro e sull\u2019iniziativa imprenditoriale, come negli ultimi anni sta accadendo alla nostra amata Latina\u201d.<\/p>\n<p>&nbsp;<\/p>\n","protected":false},"excerpt":{"rendered":"<p>LATINA &#8211;\u00a0\u201cLatina \u00e8 una grande comunit\u00e0 dalle profonde radici storiche e culturali che si sta proiettando nel modo migliore anche nel futuro, grazie alle sinergie tra istituzioni, imprese e cittadini. Le celebrazioni del suo novantennale, in questi giorni, sono il doveroso riflettore acceso sul passato ma anche sul presente di questa citt\u00e0 che merita la [&hellip;]<\/p>\n","protected":false},"author":60,"featured_media":283728,"comment_status":"open","ping_status":"open","sticky":false,"template":"","format":"standard","meta":{"footnotes":""},"categories":[735],"tags":[],"class_list":["post-322747","post","type-post","status-publish","format-standard","has-post-thumbnail","hentry","category-attualita"],"_links":{"self":[{"href":"https:\/\/www.radioluna.it\/news\/wp-json\/wp\/v2\/posts\/322747","targetHints":{"allow":["GET"]}}],"collection":[{"href":"https:\/\/www.radioluna.it\/news\/wp-json\/wp\/v2\/posts"}],"about":[{"href":"https:\/\/www.radioluna.it\/news\/wp-json\/wp\/v2\/types\/post"}],"author":[{"embeddable":true,"href":"https:\/\/www.radioluna.it\/news\/wp-json\/wp\/v2\/users\/60"}],"replies":[{"embeddable":true,"href":"https:\/\/www.radioluna.it\/news\/wp-json\/wp\/v2\/comments?post=322747"}],"version-history":[{"count":0,"href":"https:\/\/www.radioluna.it\/news\/wp-json\/wp\/v2\/posts\/322747\/revisions"}],"wp:featuredmedia":[{"embeddable":true,"href":"https:\/\/www.radioluna.it\/news\/wp-json\/wp\/v2\/media\/283728"}],"wp:attachment":[{"href":"https:\/\/www.radioluna.it\/news\/wp-json\/wp\/v2\/media?parent=322747"}],"wp:term":[{"taxonomy":"category","embeddable":true,"href":"https:\/\/www.radioluna.it\/news\/wp-json\/wp\/v2\/categories?post=322747"},{"taxonomy":"post_tag","embeddable":true,"href":"https:\/\/www.radioluna.it\/news\/wp-json\/wp\/v2\/tags?post=322747"}],"curies":[{"name":"wp","href":"https:\/\/api.w.org\/{rel}","templated":true}]}}