{"id":322950,"date":"2022-12-21T13:26:08","date_gmt":"2022-12-21T12:26:08","guid":{"rendered":"https:\/\/www.radioluna.it\/news\/?p=322950"},"modified":"2022-12-21T13:26:08","modified_gmt":"2022-12-21T12:26:08","slug":"valore-donna-e-banco-alimentare-donano-generi-alimentari-a-60-famiglie","status":"publish","type":"post","link":"https:\/\/www.radioluna.it\/news\/2022\/12\/valore-donna-e-banco-alimentare-donano-generi-alimentari-a-60-famiglie\/","title":{"rendered":"Valore Donna e Banco Alimentare donano generi alimentari a 60 famiglie"},"content":{"rendered":"<div id=\"fb-root\"><\/div>\n<p style=\"text-align: justify;\"><strong>LATINA<\/strong> &#8211; L\u2019Associazione Valore Donna, in occasione delle festivit\u00e0 natalizie, dona generi alimentari di prima necessit\u00e0 a 60 famiglie in difficolt\u00e0. Un\u2019iniziativa resa possibile grazie alla collaborazione con il Banco Alimentare \u2013 attraverso la Direttrice del Lazio Monica Tola, la Responsabile di zona Cristina Favalli e il Presidente del Banco Alimentare di Roma Giuliano Visconti \u2013, Angelo Ruggiero dell\u2019Azienda Antonio Ruggiero, la macelleria Elida Toson \u2013 eccellenza gastronomica del nostro territorio \u2013, la Plasmon \u2013 che ha donato le \u201cCasette Innevate di Natale Plasmon\u201d insieme a confezioni extra di biscotto \u2013 e l\u2019Associazione \u201cTre Mamme Per Amiche\u201d di Ilaria Sabatino \u2013 che ha portato diversi giocattoli per i bambini pi\u00f9 piccoli.<\/p>\n<p style=\"text-align: justify;\">La Presidente Valentina Pappacena e le instancabili volontarie dell\u2019Associazione Valore Donna hanno portato in dono alle famiglie latte, olio, patate, legumi, biscotti, cereali, carne e scatolame di vario genere. Con grande gioia ognuna di loro ha ricevuto il proprio pacco, scambiandosi gli auguri di Natale con le volontarie, impegnate anche quest\u2019anno al fianco dei pi\u00f9 bisognosi in un periodo di grande difficolt\u00e0 economica per tante persone.<\/p>\n<p style=\"text-align: justify;\">\u00ab\u00c8 sempre bello poter dare una mano a chi ne ha bisogno. Ciascuna delle famiglie incontrate oggi non sta vivendo un bel periodo e il nostro obiettivo \u00e8 quello di aiutarle concretamente con generi alimentari di prima necessit\u00e0. \u00c8 stata una mattinata faticosa, ma la loro gioia ripaga ogni sforzo\u00bb afferma la Presidente Valentina Pappacena, che poi aggiunge: \u00abSessanta famiglie sono tante, ma non sono neanche la met\u00e0 di tutte quelle presenti sul territorio di Latina che hanno un costante bisogno di aiuto. Con l\u2019avvicinarsi delle festivit\u00e0 natalizie abbiamo risposto a tutti coloro che hanno fatto richiesta all\u2019Associazione e che, altrimenti, non avrebbero potuto festeggiare l&#8217;importante ricorrenza: tuttavia, bisognerebbe ricordarsi tutti i giorni delle persone meno abbienti che vivono nella nostra citt\u00e0, non soltanto durante le festivit\u00e0. Pertanto\u00bb dichiara entusiasta la Presidente Pappacena \u00absono felice di annunciare che, a partire dal prossimo anno, la donazione di generi alimentari di prima necessit\u00e0 nei confronti delle famiglie pi\u00f9 bisognose diventer\u00e0 un appuntamento fisso con cadenza mensile: grazie alla collaborazione e al supporto del banco alimentare, infatti, potremo dare una mano a chi \u00e8 in difficolta ogni mese dell\u2019anno, non soltanto a Natale. La solidariet\u00e0 non conosce periodi e va messa in campo ogni giorno, sempre\u00bb.<\/p>\n<p style=\"text-align: justify;\">\n<div class=\"radio-posizionamento-telefono-in-articoli-dopo-il-contenuto-articolo radio-entity-placement\" id=\"radio-3531983742\"><div id=\"radio-2963379526\"><a href=\"https:\/\/grupporedi.it\/\" aria-label=\"Redi-Qr\"><img loading=\"lazy\" decoding=\"async\" src=\"https:\/\/www.radioluna.it\/news\/wp-content\/uploads\/2026\/03\/Redi-Qr.jpg\" alt=\"\"  srcset=\"https:\/\/www.radioluna.it\/news\/wp-content\/uploads\/2026\/03\/Redi-Qr.jpg 800w, https:\/\/www.radioluna.it\/news\/wp-content\/uploads\/2026\/03\/Redi-Qr-768x639.jpg 768w\" sizes=\"(max-width: 800px) 100vw, 800px\" width=\"300\" height=\"250\"   \/><\/a><\/div><\/div>","protected":false},"excerpt":{"rendered":"<p>LATINA &#8211; L\u2019Associazione Valore Donna, in occasione delle festivit\u00e0 natalizie, dona generi alimentari di prima necessit\u00e0 a 60 famiglie in difficolt\u00e0. Un\u2019iniziativa resa possibile grazie alla collaborazione con il Banco Alimentare \u2013 attraverso la Direttrice del Lazio Monica Tola, la Responsabile di zona Cristina Favalli e il Presidente del Banco Alimentare di Roma Giuliano Visconti [&hellip;]<\/p>\n","protected":false},"author":60,"featured_media":322951,"comment_status":"open","ping_status":"open","sticky":false,"template":"","format":"standard","meta":{"footnotes":""},"categories":[735],"tags":[],"class_list":["post-322950","post","type-post","status-publish","format-standard","has-post-thumbnail","hentry","category-attualita"],"_links":{"self":[{"href":"https:\/\/www.radioluna.it\/news\/wp-json\/wp\/v2\/posts\/322950","targetHints":{"allow":["GET"]}}],"collection":[{"href":"https:\/\/www.radioluna.it\/news\/wp-json\/wp\/v2\/posts"}],"about":[{"href":"https:\/\/www.radioluna.it\/news\/wp-json\/wp\/v2\/types\/post"}],"author":[{"embeddable":true,"href":"https:\/\/www.radioluna.it\/news\/wp-json\/wp\/v2\/users\/60"}],"replies":[{"embeddable":true,"href":"https:\/\/www.radioluna.it\/news\/wp-json\/wp\/v2\/comments?post=322950"}],"version-history":[{"count":0,"href":"https:\/\/www.radioluna.it\/news\/wp-json\/wp\/v2\/posts\/322950\/revisions"}],"wp:featuredmedia":[{"embeddable":true,"href":"https:\/\/www.radioluna.it\/news\/wp-json\/wp\/v2\/media\/322951"}],"wp:attachment":[{"href":"https:\/\/www.radioluna.it\/news\/wp-json\/wp\/v2\/media?parent=322950"}],"wp:term":[{"taxonomy":"category","embeddable":true,"href":"https:\/\/www.radioluna.it\/news\/wp-json\/wp\/v2\/categories?post=322950"},{"taxonomy":"post_tag","embeddable":true,"href":"https:\/\/www.radioluna.it\/news\/wp-json\/wp\/v2\/tags?post=322950"}],"curies":[{"name":"wp","href":"https:\/\/api.w.org\/{rel}","templated":true}]}}