{"id":323049,"date":"2022-12-23T09:01:48","date_gmt":"2022-12-23T08:01:48","guid":{"rendered":"https:\/\/www.radioluna.it\/news\/?p=323049"},"modified":"2022-12-23T09:06:52","modified_gmt":"2022-12-23T08:06:52","slug":"una-delegazione-della-comunita-di-bassiano-in-visita-al-senato","status":"publish","type":"post","link":"https:\/\/www.radioluna.it\/news\/2022\/12\/una-delegazione-della-comunita-di-bassiano-in-visita-al-senato\/","title":{"rendered":"Una delegazione della comunit\u00e0 di Bassiano in visita al Senato"},"content":{"rendered":"<div id=\"fb-root\"><\/div>\n<p style=\"text-align: justify;\"><strong>BASSIANO<\/strong> &#8211; Una delegazione della comunit\u00e0 di Bassiano ha fatto visita, gioved\u00ec 22 dicembre, al Senato della Repubblica. Ad aspettare i circa 30 visitatori c\u2019era il presidente della V Commissione Bilancio Nicola Calandrini. Il coordinatore provinciale di Fratelli D&#8217;Italia, infatti ha origini bassianesi, &#8220;radici alle quali mi sento ancora oggi molto legato&#8221;, ha spiegato.<\/p>\n<p style=\"text-align: justify;\">\u201cGrazie per essere qui, non poteva esserci regalo pi\u00f9 prezioso \u2013 ha detto il Senatore alla delegazione \u2013 Se posso essere qui in Senato oggi, a dare il mio contributo per lo sviluppo di questa Nazione, lo devo a voi e per due ordini di ragioni. Prima di tutto perch\u00e9 \u00e8 a Bassiano che affondano le mie radici, che mi hanno permesso di diventare l\u2019uomo, il padre, il marito, il politico che sono oggi. In secondo luogo, non posso non dimenticare il vostro sostegno costante nel corso di tutta la mia carriera politica\u201d.<\/p>\n<p style=\"text-align: justify;\">I cittadini di Bassiano dopo aver visitato le sale principali di Palazzo Madama, hanno poi avuto un confronto di un\u2019ora con il presidente della V Commissione Bilancio che ha cos\u00ec salutato i suoi concittadini: \u201cOgni giorno quando siedo in questi banchi sento la responsabilit\u00e0 di rappresentare tutti voi. Avete deciso di dedicare questa giornata a questo saluto e nel ringraziarvi sono a ricordarvi e a ricordarmi di quanto siano importanti i piccoli comuni, le comunit\u00e0 come quella di Bassiano, un\u2019ossatura spesso silenziosa che contribuisce a rendere grande questa nazione. Vivo lo sapete a Latina Scalo e ho imparato a conoscere nel profondo il territorio della seconda citt\u00e0 del Lazio. E mi sono reso conto sempre pi\u00f9 di come questa sia formata soprattutto da piccoli centri, frazioni, comunit\u00e0. Storie, donne e uomini, di cui occorre preservare radici e tradizioni senza che questi diventino campanilismi ma anzi vadano ad arricchire il patrimonio culturale della provincia prima e della Nazione poi\u201d<\/p>\n<div class=\"radio-posizionamento-telefono-in-articoli-dopo-il-contenuto-articolo radio-entity-placement\" id=\"radio-2277391282\"><div id=\"radio-823139166\" style=\"width: 300px;height: 250px;\"><a href=\"https:\/\/www.icarspa.it\/auto\/usate\/latina\/\" aria-label=\"banner aprile icar new life &#8211; auto usate latina\"><img loading=\"lazy\" decoding=\"async\" src=\"https:\/\/www.radioluna.it\/news\/wp-content\/uploads\/2026\/02\/banner-aprile-icar-new-life-auto-usate-latina.gif\" alt=\"\"  width=\"300\" height=\"250\"   \/><\/a><\/div><\/div>","protected":false},"excerpt":{"rendered":"<p>BASSIANO &#8211; Una delegazione della comunit\u00e0 di Bassiano ha fatto visita, gioved\u00ec 22 dicembre, al Senato della Repubblica. Ad aspettare i circa 30 visitatori c\u2019era il presidente della V Commissione Bilancio Nicola Calandrini. Il coordinatore provinciale di Fratelli D&#8217;Italia, infatti ha origini bassianesi, &#8220;radici alle quali mi sento ancora oggi molto legato&#8221;, ha spiegato. \u201cGrazie [&hellip;]<\/p>\n","protected":false},"author":60,"featured_media":323050,"comment_status":"open","ping_status":"open","sticky":false,"template":"","format":"standard","meta":{"footnotes":""},"categories":[8],"tags":[],"class_list":["post-323049","post","type-post","status-publish","format-standard","has-post-thumbnail","hentry","category-politica"],"_links":{"self":[{"href":"https:\/\/www.radioluna.it\/news\/wp-json\/wp\/v2\/posts\/323049","targetHints":{"allow":["GET"]}}],"collection":[{"href":"https:\/\/www.radioluna.it\/news\/wp-json\/wp\/v2\/posts"}],"about":[{"href":"https:\/\/www.radioluna.it\/news\/wp-json\/wp\/v2\/types\/post"}],"author":[{"embeddable":true,"href":"https:\/\/www.radioluna.it\/news\/wp-json\/wp\/v2\/users\/60"}],"replies":[{"embeddable":true,"href":"https:\/\/www.radioluna.it\/news\/wp-json\/wp\/v2\/comments?post=323049"}],"version-history":[{"count":0,"href":"https:\/\/www.radioluna.it\/news\/wp-json\/wp\/v2\/posts\/323049\/revisions"}],"wp:featuredmedia":[{"embeddable":true,"href":"https:\/\/www.radioluna.it\/news\/wp-json\/wp\/v2\/media\/323050"}],"wp:attachment":[{"href":"https:\/\/www.radioluna.it\/news\/wp-json\/wp\/v2\/media?parent=323049"}],"wp:term":[{"taxonomy":"category","embeddable":true,"href":"https:\/\/www.radioluna.it\/news\/wp-json\/wp\/v2\/categories?post=323049"},{"taxonomy":"post_tag","embeddable":true,"href":"https:\/\/www.radioluna.it\/news\/wp-json\/wp\/v2\/tags?post=323049"}],"curies":[{"name":"wp","href":"https:\/\/api.w.org\/{rel}","templated":true}]}}