{"id":323304,"date":"2022-12-29T12:53:01","date_gmt":"2022-12-29T11:53:01","guid":{"rendered":"https:\/\/www.radioluna.it\/news\/?p=323304"},"modified":"2023-01-05T16:09:23","modified_gmt":"2023-01-05T15:09:23","slug":"gaeta-chiude-per-restauro-la-montagna-spaccata-ma-il-santuario-resta-aperto","status":"publish","type":"post","link":"https:\/\/www.radioluna.it\/news\/2022\/12\/gaeta-chiude-per-restauro-la-montagna-spaccata-ma-il-santuario-resta-aperto\/","title":{"rendered":"Gaeta, chiude per restauro la Montagna Spaccata, ma il Santuario resta aperto"},"content":{"rendered":"<div id=\"fb-root\"><\/div>\n<p style=\"text-align: justify;\"><strong>GAETA &#8211;<\/strong> La Montagna Spaccata chiuder\u00e0 per restauro, ma il Santuario rester\u00e0 aperto. Lo comunicano i Padri Missionari del P.I.M.E. che curano il Santuario della Montagna Spaccata di Gaeta spiegando che da gennaio 2023 inizieranno dei lavori di restauro e risanamento conservativo alla Cappella del Crocifisso, nel rispetto degli elementi storico-architettonici finalizzati ad un recupero totale del bene in grado di renderlo pienamente fruibile da parte dei fedeli e dei visitatori.<\/p>\n<p style=\"text-align: justify;\">I lavori inizieranno il 15 gennaio 2023 e termineranno il 15 maggio 2023. Durante questo periodo, la Montagna Spaccata rimarr\u00e0 chiusa al pubblico mentre la chiesa della Santissima Trinit\u00e0 sar\u00e0 sempre regolarmente aperta per le celebrazioni liturgiche feriali e festive.<\/p>\n<p style=\"text-align: justify;\">I padri del PIME si scusano per il temporaneo disagio provocato ai tanti fedeli che accorrono ogni giorno al santuario di Gaeta, ma che porter\u00e0 a un importante miglioramento artistico e religioso della cappella del Crocifisso che necessita di lavori urgenti di messa in sicurezza.<\/p>\n<p style=\"text-align: justify;\">I lavori saranno coordinati da padre Daniele Belussi che dal 1\u00b0 febbraio 2023 sar\u00e0 il nuovo rettore del Santuario e della Comunit\u00e0 dei Padri Missionari e succeder\u00e0 all\u2019attuale rettore padre Nevio Vigan\u00f2 che ritorner\u00e0 in Missione delle Filippine.<\/p>\n","protected":false},"excerpt":{"rendered":"<p>GAETA &#8211; La Montagna Spaccata chiuder\u00e0 per restauro, ma il Santuario rester\u00e0 aperto. Lo comunicano i Padri Missionari del P.I.M.E. che curano il Santuario della Montagna Spaccata di Gaeta spiegando che da gennaio 2023 inizieranno dei lavori di restauro e risanamento conservativo alla Cappella del Crocifisso, nel rispetto degli elementi storico-architettonici finalizzati ad un recupero [&hellip;]<\/p>\n","protected":false},"author":60,"featured_media":323305,"comment_status":"open","ping_status":"open","sticky":false,"template":"","format":"standard","meta":{"footnotes":""},"categories":[735],"tags":[],"class_list":["post-323304","post","type-post","status-publish","format-standard","has-post-thumbnail","hentry","category-attualita"],"_links":{"self":[{"href":"https:\/\/www.radioluna.it\/news\/wp-json\/wp\/v2\/posts\/323304","targetHints":{"allow":["GET"]}}],"collection":[{"href":"https:\/\/www.radioluna.it\/news\/wp-json\/wp\/v2\/posts"}],"about":[{"href":"https:\/\/www.radioluna.it\/news\/wp-json\/wp\/v2\/types\/post"}],"author":[{"embeddable":true,"href":"https:\/\/www.radioluna.it\/news\/wp-json\/wp\/v2\/users\/60"}],"replies":[{"embeddable":true,"href":"https:\/\/www.radioluna.it\/news\/wp-json\/wp\/v2\/comments?post=323304"}],"version-history":[{"count":0,"href":"https:\/\/www.radioluna.it\/news\/wp-json\/wp\/v2\/posts\/323304\/revisions"}],"wp:featuredmedia":[{"embeddable":true,"href":"https:\/\/www.radioluna.it\/news\/wp-json\/wp\/v2\/media\/323305"}],"wp:attachment":[{"href":"https:\/\/www.radioluna.it\/news\/wp-json\/wp\/v2\/media?parent=323304"}],"wp:term":[{"taxonomy":"category","embeddable":true,"href":"https:\/\/www.radioluna.it\/news\/wp-json\/wp\/v2\/categories?post=323304"},{"taxonomy":"post_tag","embeddable":true,"href":"https:\/\/www.radioluna.it\/news\/wp-json\/wp\/v2\/tags?post=323304"}],"curies":[{"name":"wp","href":"https:\/\/api.w.org\/{rel}","templated":true}]}}