{"id":324216,"date":"2023-01-14T14:25:47","date_gmt":"2023-01-14T13:25:47","guid":{"rendered":"https:\/\/www.radioluna.it\/news\/?p=324216"},"modified":"2023-01-17T19:04:39","modified_gmt":"2023-01-17T18:04:39","slug":"fratelli-ditalia-presenta-la-lista-pontina-calandrini-vogliamo-essere-primo-partito","status":"publish","type":"post","link":"https:\/\/www.radioluna.it\/news\/2023\/01\/fratelli-ditalia-presenta-la-lista-pontina-calandrini-vogliamo-essere-primo-partito\/","title":{"rendered":"Fratelli d&#8217;Italia presenta la lista pontina. Calandrini: &#8220;Vogliamo essere primo partito&#8221;"},"content":{"rendered":"<div id=\"fb-root\"><\/div>\n<p style=\"text-align: justify;\"><strong><img loading=\"lazy\" decoding=\"async\" class=\"alignnone size-full wp-image-324291\" src=\"https:\/\/www.radioluna.it\/news\/wp-content\/uploads\/2023\/01\/presentazione-candidati-1.jpeg\" alt=\"\" width=\"1920\" height=\"1440\" srcset=\"https:\/\/www.radioluna.it\/news\/wp-content\/uploads\/2023\/01\/presentazione-candidati-1.jpeg 1920w, https:\/\/www.radioluna.it\/news\/wp-content\/uploads\/2023\/01\/presentazione-candidati-1-768x576.jpeg 768w, https:\/\/www.radioluna.it\/news\/wp-content\/uploads\/2023\/01\/presentazione-candidati-1-1536x1152.jpeg 1536w\" sizes=\"auto, (max-width: 1920px) 100vw, 1920px\" \/>LATINA &#8211; <\/strong>&#8220;Militanza, rappresentanza, consenso. Cos\u00ec abbiamo scelto i candidati alle prossime elezioni regionali e oggi parte ufficialmente la campagna elettorale di Fratelli D&#8217;Italia con un obiettivo importante: far eleggere tre consiglieri&#8221;.\u00a0 Lo ha detto il coordinatore provinciale Nicola Calandrini presentando nella sede di Via Don Morosini, insieme con l&#8217;europarlamentare Nicola Procaccini, Enrico Tiero (Latina), Emanuela Zappone (Terracina), Elena Palazzo (Itri), Vittorio Sambucci (Cisterna), Vincenzo Fedele (Minturno) e Valentina Lax (Aprilia).<\/p>\n<p style=\"text-align: justify;\">&#8220;Viviamo un vento favorevole per il partito, ma Fratelli D&#8217;Italia a Latina ha sempre espresso un risultato superiore alla media e puntiamo a\u00a0 diventare il primo partito nel capoluogo e in provincia &#8211; ha sottolineato Calandrini lanciando la campagna elettorale &#8220;che terminer\u00e0\u00a0 &#8211; ha detto &#8211; solo il 13 febbraio alle 15, come una partita di pallacanestro conter\u00e0 l&#8217;impegno fino all&#8217;ultimo minuto&#8221;.<\/p>\n<audio class=\"wp-audio-shortcode\" id=\"audio-324216-1\" preload=\"none\" style=\"width: 100%;\" controls=\"controls\"><source type=\"audio\/mpeg\" src=\"https:\/\/www.radioluna.it\/news\/wp-content\/uploads\/2023\/01\/calandrini-liste.mp3?_=1\" \/><a href=\"https:\/\/www.radioluna.it\/news\/wp-content\/uploads\/2023\/01\/calandrini-liste.mp3\">https:\/\/www.radioluna.it\/news\/wp-content\/uploads\/2023\/01\/calandrini-liste.mp3<\/a><\/audio>\n<p style=\"text-align: justify;\">Parole di forte elogio e pieno sostegno sono state rivolte a Francesco Rocca dall&#8217;europarlamentare Nicola Procaccini che ha anche ufficializzato il suo ruolo di coordinatore della campagna elettorale del candidato presidente della coalizione per le province. In questa veste oggi parteciper\u00e0 ad un incontro di coalizione.<\/p>\n<p style=\"text-align: justify;\">&#8220;Siamo stati i primi a definire la lista dei candidati per la Regione Lazio. Una lista che non \u00e8 il frutto di improvvisazione o di giochi di potere ma \u00e8 la sintesi di un lungo percorso politico che ha visto coinvolti i nostri dirigenti e militanti&#8221;. Ha aperto cos\u00ec i lavori il Senatore Nicola Calandrini, coordinatore provinciale del partito, che ha presentato la lista insieme all&#8217;Onorevole Nicola Procaccini.<\/p>\n<p>&#8220;Noi &#8211; hanno sottolineato Calandrini e Procaccini \u2013 abbiamo voluto presentare una squadra di donne e uomini capaci, in grado di governare e cambiare il Lazio&#8221;.<\/p>\n<p>Un gruppo coeso e pronto, insieme a tutto il centrodestra, a sostenere il candidato presidente Francesco Rocca: &#8220;Come sapete il mio nome era tra quelli circolati per la candidatura a presidente &#8211; ha spiegato l&#8217;On. Procaccini \u2013 e tuttavia sono onorato che la scelta sia caduta su Francesco Rocca. L&#8217;unico italiano ad aver guidato la Croce Rossa a livello mondiale. \u00c9 l&#8217;uomo giusto per farci riprendere la Regione dopo 10 anni di non governo Zingaretti&#8221;.<\/p>\n<p style=\"text-align: justify;\">Sia il Sen. Calandrini che l&#8217;On. Procaccini hanno sottolineato l&#8217;unit\u00e0 del partito: &#8220;Faremo nel Lazio &#8211; dichiarano &#8211; quello che stiamo facendo sotto la guida del Presidente Giorgia Meloni in Italia: essere coerenti, attuare politiche nell\u2019interesse dei cittadini e rendere competitiva questa regione dopo anni di immobilismo, prendendo decisioni in campi chiave come i rifiuti, i trasporti e la sanit\u00e0&#8221;.<\/p>\n<p style=\"text-align: justify;\">CHI SONO I CANDIDATI &#8211;\u00a0 A correre per Fratelli d\u2019Italia in provincia di Latina saranno:<br \/>\n-Vincenzo Fedele (Minturno): \u00e8 un militare del Corpo delle Capitanerie di Porto, laureato in Scienze politiche e rapporti internazionali. Nel 2012 viene eletto consigliere comunale e successivamente nominato assessore comunale con deleghe alla scuola e pubblica istruzione, affari istituzionali, personale, demanio marittimo ed economia del mare. Dal 2020 \u00e8 coordinatore del gruppo Fratelli d\u2019Italia di Minturno.<br \/>\n&#8211; Valentina Lax (Aprilia): 34 anni, laureata in Giurisprudenza \u00e8 il responsabile zonale di un ente sindacale di Caf e Patronato. Il suo impegno politico nasce da ragazza e si concretizza con l&#8217;elezione al primo Consiglio dei Giovani di Aprilia nel quale ha svolto il ruolo di segretaria del Presidente. Ha continuato il suo impegno con il movimento giovanile di FDI.<br \/>\n-Elena Palazzo (Itri): vice sindaco di Itri, viene eletta in consiglio comunale a soli 21 anni nella lista di Alleanza Nazionale. Rieletta per ben 6 mandati consecutivi, nel 2021 \u00e8 risultata la donna pi\u00f9 votata della provincia di Latina nell\u2019ultima competizione elettorale amministrativa.<br \/>\n-Vittorio Sambucci (Cisterna): consigliere comunale dal 2004\u00a0 e vice sindaco nel 2019. Nel 2014 e nel 2021 \u00e8 risultato primo tra gli eletti al Consiglio Comunale. Imprenditore, si \u00e8 occupato di promozione finanziaria ed \u00e8 attualmente coordinatore cittadino di Fratelli d\u2019Italia.<br \/>\n-Enrico Tiero (Latina): \u00e8 un politico ed amministratore di lungo corso, gi\u00e0 a 18 anni diventa consigliere comunale a Castelforte.\u00a0 Assessore al turismo e vice Sindaco del Comune di Latina \u00e8 attualmente vice coordinatore regionale di Fratelli d\u2019Italia.<br \/>\n&#8211; Emanuela Zappone (Terracina): laureata in Scienze politiche e relazioni internazionali, dal 2012 \u00e8 referente problem-resolving del servizio trasporti eccezionali della Provincia di Latina e dal 2016 \u00e8 amministratore con delega sindacale per il settore ambiente e trasporti del comune di Terracina.<\/p>\n<div class=\"yj6qo\" style=\"text-align: justify;\"><\/div>\n<div class=\"adL\" style=\"text-align: justify;\"><\/div>\n<div class=\"radio-posizionamento-telefono-in-articoli-dopo-il-contenuto-articolo radio-entity-placement\" id=\"radio-960928096\"><div id=\"radio-1754293572\"><a href=\"https:\/\/www.simeoneceramiche.com\/\" aria-label=\"SIMEONE CERAMICHE GIF animata per radioluna_Tavola disegno 1 copia 2 (online-video-cutter.com)\"><img loading=\"lazy\" decoding=\"async\" src=\"https:\/\/www.radioluna.it\/news\/wp-content\/uploads\/2025\/05\/SIMEONE-CERAMICHE-GIF-animata-per-radioluna_Tavola-disegno-1-copia-2-online-video-cutter.com_.gif\" alt=\"\"  width=\"300\" height=\"250\"   \/><\/a><\/div><\/div>","protected":false},"excerpt":{"rendered":"<p>LATINA &#8211; &#8220;Militanza, rappresentanza, consenso. Cos\u00ec abbiamo scelto i candidati alle prossime elezioni regionali e oggi parte ufficialmente la campagna elettorale di Fratelli D&#8217;Italia con un obiettivo importante: far eleggere tre consiglieri&#8221;.\u00a0 Lo ha detto il coordinatore provinciale Nicola Calandrini presentando nella sede di Via Don Morosini, insieme con l&#8217;europarlamentare Nicola Procaccini, Enrico Tiero (Latina), [&hellip;]<\/p>\n","protected":false},"author":62,"featured_media":324217,"comment_status":"open","ping_status":"open","sticky":false,"template":"","format":"standard","meta":{"footnotes":""},"categories":[2310,8],"tags":[],"class_list":["post-324216","post","type-post","status-publish","format-standard","has-post-thumbnail","hentry","category-audio","category-politica"],"_links":{"self":[{"href":"https:\/\/www.radioluna.it\/news\/wp-json\/wp\/v2\/posts\/324216","targetHints":{"allow":["GET"]}}],"collection":[{"href":"https:\/\/www.radioluna.it\/news\/wp-json\/wp\/v2\/posts"}],"about":[{"href":"https:\/\/www.radioluna.it\/news\/wp-json\/wp\/v2\/types\/post"}],"author":[{"embeddable":true,"href":"https:\/\/www.radioluna.it\/news\/wp-json\/wp\/v2\/users\/62"}],"replies":[{"embeddable":true,"href":"https:\/\/www.radioluna.it\/news\/wp-json\/wp\/v2\/comments?post=324216"}],"version-history":[{"count":0,"href":"https:\/\/www.radioluna.it\/news\/wp-json\/wp\/v2\/posts\/324216\/revisions"}],"wp:featuredmedia":[{"embeddable":true,"href":"https:\/\/www.radioluna.it\/news\/wp-json\/wp\/v2\/media\/324217"}],"wp:attachment":[{"href":"https:\/\/www.radioluna.it\/news\/wp-json\/wp\/v2\/media?parent=324216"}],"wp:term":[{"taxonomy":"category","embeddable":true,"href":"https:\/\/www.radioluna.it\/news\/wp-json\/wp\/v2\/categories?post=324216"},{"taxonomy":"post_tag","embeddable":true,"href":"https:\/\/www.radioluna.it\/news\/wp-json\/wp\/v2\/tags?post=324216"}],"curies":[{"name":"wp","href":"https:\/\/api.w.org\/{rel}","templated":true}]}}