{"id":324275,"date":"2023-01-16T09:44:51","date_gmt":"2023-01-16T08:44:51","guid":{"rendered":"https:\/\/www.radioluna.it\/news\/?p=324275"},"modified":"2023-01-17T19:04:11","modified_gmt":"2023-01-17T18:04:11","slug":"damato-a-latina-inaugura-il-point-pd-sulla-sanita-non-accettiamo-lezioni-da-chi-ha-provocato-il-dissesto","status":"publish","type":"post","link":"https:\/\/www.radioluna.it\/news\/2023\/01\/damato-a-latina-inaugura-il-point-pd-sulla-sanita-non-accettiamo-lezioni-da-chi-ha-provocato-il-dissesto\/","title":{"rendered":"D&#8217;Amato a Latina inaugura il point Pd: &#8220;Sulla sanit\u00e0 non accettiamo lezioni da chi ha provocato il dissesto&#8221;"},"content":{"rendered":"<div id=\"fb-root\"><\/div>\n<p style=\"text-align: justify;\"><strong>LATINA &#8211; <\/strong>&#8220;Non accettiamo lezioni da chi ha provocato un disavanzo regionale di un miliardo e 700mila euro, causando il commissariamento della sanit\u00e0 del Lazio&#8221;. Lo ha detto l&#8217;assessore uscente D&#8217;Amato, candidato presidente della Regione, intervenendo all&#8217;inaugurazione del point elettorale dei candidati Salvatore La Penna, consigliere regionale uscente del Pd e Enrica Onorati, assessora uscente all&#8217;Agricoltura e alle Pari Opportunit\u00e0 nel secondo mandato Zingaretti.<\/p>\n<p style=\"text-align: justify;\">&#8220;Abbiamo vissuto 9 duri anni di blocco del turn over legati ai disastri dei governi precedenti.\u00a0 Siamo consapevoli che ci sono tanti servizi sanitari che vanno migliorati, ma adesso siamo nelle condizioni di farlo. Ora che siamo usciti dal commissariamento e con i fondi del Pnrr, possiamo migliorare ulteriormente i livelli di qualit\u00e0 a partire dalle cure domiciliari.\u00a0 Tra le proposte anche il reddito di formazione per i giovani e le comunit\u00e0 energetiche per lavorare sull&#8217;autoproduzione di energia. La sfida \u00e8 tra me e Rocca, vince chi prende un voto in pi\u00f9. E noi siamo pi\u00f9 credibili&#8221;, ha concluso D&#8217;Amato.<\/p>\n<audio class=\"wp-audio-shortcode\" id=\"audio-324275-1\" preload=\"none\" style=\"width: 100%;\" controls=\"controls\"><source type=\"audio\/mpeg\" src=\"https:\/\/www.radioluna.it\/news\/wp-content\/uploads\/2023\/01\/damato-a-latinA.mp3?_=1\" \/><a href=\"https:\/\/www.radioluna.it\/news\/wp-content\/uploads\/2023\/01\/damato-a-latinA.mp3\">https:\/\/www.radioluna.it\/news\/wp-content\/uploads\/2023\/01\/damato-a-latinA.mp3<\/a><\/audio>\n<p>&#8220;Affrontiamo la campagna elettorale con entusiasmo, forti di quello che \u00e8 stato fatto e di quello che andremo a fare, ed \u00e8 importante la continuit\u00e0. Io credo che si debba continuare a dare fiducia a chi ha salvato il Lazio e lo ha fatto tornare tra le grandi regioni d&#8217;Europa&#8221;, ha detto il consigliere uscente Salvatore La Penna<\/p>\n<audio class=\"wp-audio-shortcode\" id=\"audio-324275-2\" preload=\"none\" style=\"width: 100%;\" controls=\"controls\"><source type=\"audio\/mpeg\" src=\"https:\/\/www.radioluna.it\/news\/wp-content\/uploads\/2023\/01\/la-penna-point.mp3?_=2\" \/><a href=\"https:\/\/www.radioluna.it\/news\/wp-content\/uploads\/2023\/01\/la-penna-point.mp3\">https:\/\/www.radioluna.it\/news\/wp-content\/uploads\/2023\/01\/la-penna-point.mp3<\/a><\/audio>\n<p>&#8220;Vogliamo vincere per continuare a governare e a servire i cittadini della Regione Lazio e soprattutto di questo territorio&#8221;, \u00e8 l&#8217;obiettivo dell&#8217;assessora uscente Enrica Onorati<\/p>\n<audio class=\"wp-audio-shortcode\" id=\"audio-324275-3\" preload=\"none\" style=\"width: 100%;\" controls=\"controls\"><source type=\"audio\/mpeg\" src=\"https:\/\/www.radioluna.it\/news\/wp-content\/uploads\/2023\/01\/onorati-point-1.mp3?_=3\" \/><a href=\"https:\/\/www.radioluna.it\/news\/wp-content\/uploads\/2023\/01\/onorati-point-1.mp3\">https:\/\/www.radioluna.it\/news\/wp-content\/uploads\/2023\/01\/onorati-point-1.mp3<\/a><\/audio>\n<p style=\"text-align: justify;\">In Via Cesare Battisti 25 a Latina, che diventer\u00e0 punto di riferimento della campagna elettorale del Pd, D&#8217;Amato \u00e8 arrivato in anticipo e si \u00e8 a lungo intrattenuto con i presenti prima di trasferirsi nella ex Tipografia Il Gabbiano di Viale XVIII dicembre, oggi divenuto spazio polifunzionale grazie ad un finanziamento della Regione Lazio che ne ha consentito la riqualificazione, dove ha\u00a0 presentato la candidatura di Valeria Campagna\u00a0 capolista della lista civica.<\/p>\n<p>&nbsp;<\/p>\n<div class=\"radio-posizionamento-telefono-in-articoli-dopo-il-contenuto-articolo radio-entity-placement\" id=\"radio-2902481639\"><div id=\"radio-603731164\"><a href=\"https:\/\/www.simeoneceramiche.com\/\" aria-label=\"SIMEONE CERAMICHE GIF animata per radioluna_Tavola disegno 1 copia 2 (online-video-cutter.com)\"><img loading=\"lazy\" decoding=\"async\" src=\"https:\/\/www.radioluna.it\/news\/wp-content\/uploads\/2025\/05\/SIMEONE-CERAMICHE-GIF-animata-per-radioluna_Tavola-disegno-1-copia-2-online-video-cutter.com_.gif\" alt=\"\"  width=\"300\" height=\"250\"   \/><\/a><\/div><\/div>","protected":false},"excerpt":{"rendered":"<p>LATINA &#8211; &#8220;Non accettiamo lezioni da chi ha provocato un disavanzo regionale di un miliardo e 700mila euro, causando il commissariamento della sanit\u00e0 del Lazio&#8221;. Lo ha detto l&#8217;assessore uscente D&#8217;Amato, candidato presidente della Regione, intervenendo all&#8217;inaugurazione del point elettorale dei candidati Salvatore La Penna, consigliere regionale uscente del Pd e Enrica Onorati, assessora uscente [&hellip;]<\/p>\n","protected":false},"author":60,"featured_media":324276,"comment_status":"open","ping_status":"open","sticky":false,"template":"","format":"standard","meta":{"footnotes":""},"categories":[2310,8],"tags":[],"class_list":["post-324275","post","type-post","status-publish","format-standard","has-post-thumbnail","hentry","category-audio","category-politica"],"_links":{"self":[{"href":"https:\/\/www.radioluna.it\/news\/wp-json\/wp\/v2\/posts\/324275","targetHints":{"allow":["GET"]}}],"collection":[{"href":"https:\/\/www.radioluna.it\/news\/wp-json\/wp\/v2\/posts"}],"about":[{"href":"https:\/\/www.radioluna.it\/news\/wp-json\/wp\/v2\/types\/post"}],"author":[{"embeddable":true,"href":"https:\/\/www.radioluna.it\/news\/wp-json\/wp\/v2\/users\/60"}],"replies":[{"embeddable":true,"href":"https:\/\/www.radioluna.it\/news\/wp-json\/wp\/v2\/comments?post=324275"}],"version-history":[{"count":0,"href":"https:\/\/www.radioluna.it\/news\/wp-json\/wp\/v2\/posts\/324275\/revisions"}],"wp:featuredmedia":[{"embeddable":true,"href":"https:\/\/www.radioluna.it\/news\/wp-json\/wp\/v2\/media\/324276"}],"wp:attachment":[{"href":"https:\/\/www.radioluna.it\/news\/wp-json\/wp\/v2\/media?parent=324275"}],"wp:term":[{"taxonomy":"category","embeddable":true,"href":"https:\/\/www.radioluna.it\/news\/wp-json\/wp\/v2\/categories?post=324275"},{"taxonomy":"post_tag","embeddable":true,"href":"https:\/\/www.radioluna.it\/news\/wp-json\/wp\/v2\/tags?post=324275"}],"curies":[{"name":"wp","href":"https:\/\/api.w.org\/{rel}","templated":true}]}}