{"id":324306,"date":"2023-01-16T08:34:15","date_gmt":"2023-01-16T07:34:15","guid":{"rendered":"https:\/\/www.radioluna.it\/news\/?p=324306"},"modified":"2023-01-16T17:52:10","modified_gmt":"2023-01-16T16:52:10","slug":"latina-incidente-in-via-bixio-i-residenti-ora-basta","status":"publish","type":"post","link":"https:\/\/www.radioluna.it\/news\/2023\/01\/latina-incidente-in-via-bixio-i-residenti-ora-basta\/","title":{"rendered":"Latina, incidente in Via Bixio, i residenti: &#8220;Ora basta!&#8221;"},"content":{"rendered":"<div id=\"fb-root\"><\/div>\n<p style=\"text-align: justify;\"><strong>LATINA<\/strong> &#8211; Un altro dramma sfiorato a Latina, sabato sera, dove all&#8217;incrocio tra Via Nino Bixio e Via Ferrucci, gli incidenti e i feriti non si contano pi\u00f9. La pericolosit\u00e0 \u00e8 data non dall&#8217;asfalto (ragione per cui la strada era stata riasfaltata con priorit\u00e0 su altre pi\u00f9 ammalorate), ma da una segnaletica che alla prova dei fatti si \u00e8 rivelata insufficiente, o che comunque non riesce a vincere sulla disattenzione e sulla mancanza di conoscenze di base di molti automobilisti che semplicemente, provenendo dalla circonvallazione su una strada a senso unico, non &#8220;vedono&#8221; l&#8217;incrocio (o credono di avere la precedenza) e vanno dritti causando carambole spaventose. Le auto si ribaltano, finiscono sul marciapiede: una volta a ridosso del palazzo che si trova sulla sinistra, altre volte rischiando di entrare nel bar che si trova all&#8217;angolo. Tanti danni, e solo per miracolo fino ad ora non \u00e8 morto nessuno.<\/p>\n<p style=\"text-align: justify;\">La foto racconta bene anche che cosa sarebbe successo a un pedone se si fosse trovato sul marciapiede in quel momento.<\/p>\n<p style=\"text-align: justify;\">I residenti tornano a chiedere al Comune che l&#8217;incrocio venga messo in sicurezza.<\/p>\n","protected":false},"excerpt":{"rendered":"<p>LATINA &#8211; Un altro dramma sfiorato a Latina, sabato sera, dove all&#8217;incrocio tra Via Nino Bixio e Via Ferrucci, gli incidenti e i feriti non si contano pi\u00f9. La pericolosit\u00e0 \u00e8 data non dall&#8217;asfalto (ragione per cui la strada era stata riasfaltata con priorit\u00e0 su altre pi\u00f9 ammalorate), ma da una segnaletica che alla prova [&hellip;]<\/p>\n","protected":false},"author":62,"featured_media":324307,"comment_status":"open","ping_status":"open","sticky":false,"template":"","format":"standard","meta":{"footnotes":""},"categories":[7],"tags":[],"class_list":["post-324306","post","type-post","status-publish","format-standard","has-post-thumbnail","hentry","category-cronaca"],"_links":{"self":[{"href":"https:\/\/www.radioluna.it\/news\/wp-json\/wp\/v2\/posts\/324306","targetHints":{"allow":["GET"]}}],"collection":[{"href":"https:\/\/www.radioluna.it\/news\/wp-json\/wp\/v2\/posts"}],"about":[{"href":"https:\/\/www.radioluna.it\/news\/wp-json\/wp\/v2\/types\/post"}],"author":[{"embeddable":true,"href":"https:\/\/www.radioluna.it\/news\/wp-json\/wp\/v2\/users\/62"}],"replies":[{"embeddable":true,"href":"https:\/\/www.radioluna.it\/news\/wp-json\/wp\/v2\/comments?post=324306"}],"version-history":[{"count":0,"href":"https:\/\/www.radioluna.it\/news\/wp-json\/wp\/v2\/posts\/324306\/revisions"}],"wp:featuredmedia":[{"embeddable":true,"href":"https:\/\/www.radioluna.it\/news\/wp-json\/wp\/v2\/media\/324307"}],"wp:attachment":[{"href":"https:\/\/www.radioluna.it\/news\/wp-json\/wp\/v2\/media?parent=324306"}],"wp:term":[{"taxonomy":"category","embeddable":true,"href":"https:\/\/www.radioluna.it\/news\/wp-json\/wp\/v2\/categories?post=324306"},{"taxonomy":"post_tag","embeddable":true,"href":"https:\/\/www.radioluna.it\/news\/wp-json\/wp\/v2\/tags?post=324306"}],"curies":[{"name":"wp","href":"https:\/\/api.w.org\/{rel}","templated":true}]}}