{"id":324326,"date":"2023-01-16T10:32:48","date_gmt":"2023-01-16T09:32:48","guid":{"rendered":"https:\/\/www.radioluna.it\/news\/?p=324326"},"modified":"2023-01-17T19:03:59","modified_gmt":"2023-01-17T18:03:59","slug":"carnevale-e-felicetti-dalla-lega-limpegno-ad-affrontare-le-criticita-della-sanita-pontina","status":"publish","type":"post","link":"https:\/\/www.radioluna.it\/news\/2023\/01\/carnevale-e-felicetti-dalla-lega-limpegno-ad-affrontare-le-criticita-della-sanita-pontina\/","title":{"rendered":"Carnevale e Felicetti: \u00abDalla Lega l\u2019impegno ad affrontare le criticit\u00e0 della sanit\u00e0 Pontina\u00bb"},"content":{"rendered":"<div id=\"fb-root\"><\/div>\n<p style=\"text-align: justify;\"><strong>LATINA<\/strong> &#8211; I candidati della Lega alla Regione Lazio, Massimiliano Carnevale e Federica Felicetti, alla presenza dell&#8217;onorevole Giovanna Miele, hanno organizzato un incontro &#8220;ricco di indicazioni e proposte per una nuova Sanit\u00e0 Regionale e Provinciale&#8221;, al quale hanno preso parte medici, operatori sanitari e personale ospedaliero per rappresentare quelle che sono criticit\u00e0 e possibili interventi nell&#8217;assistenza sanitaria territoriale.<\/p>\n<p style=\"text-align: justify;\">\u00abRingrazio i tanti medici, dirigenti ospedalieri e operatori sanitari che hanno preso parte alla nostra iniziativa &#8211; spiega il candidato della Lega alle prossime elezioni regionali del Lazio del 12 e 13 Febbraio,\u00a0Massimiliano Carnevale\u00a0-. Insieme a loro abbiamo avuto la possibilit\u00e0 di confrontarci e discutere su criticit\u00e0 e possibili soluzioni per la sanit\u00e0 locale. Oggi purtroppo si scontano cronici ritardi e disservizi che pesano non solo sui pazienti ma anche su chi ogni giorno \u00e8 impegnato a garantire con il suo lavoro e il suo impegno la salute dei cittadini. Pensiamo alla carenza di medici determinata\u00a0dal mancato turn over. Si stima che ogni 100 medici andati in pensione in Italia ne vengano assunti 10 in meno, mentre in regioni come il Lazio questo dato segna un preoccupante -31. Poi la mancanza di tante specialit\u00e0 che ha svuotato di servizi e prestazioni gli ospedali del sud pontino (Terracina, Fondi e Formia) e rende la nostra offerta sanitaria deficitaria\u00a0rispetto alla Capitale o alle altre regioni del centro nord. Le retribuzioni nettamente pi\u00f9 basse rispetto alla media europea che spingono molti ad orientarsi verso i privati, per non parlare poi dell&#8217;eccessiva burocratizzazione che oggi porta i medici ad impiegare molto pi\u00f9 tempo nella presa in carico del paziente piuttosto che nelle visite. Tutte queste problematiche poi si ripercuotono sui servizi ai cittadini che scontano liste d&#8217;attesa annuali per esami che invece dovrebbero essere eseguiti\u00a0nell&#8217;immediatezza per garantire quel diritto alla salute che \u00e8 uno dei diritti fondamentali delle persone. Come Lega in Regione, dopo la disastrosa gestione di Zingaretti e D&#8217;amato, oggi vogliamo voltare pagina e offrire una sanit\u00e0 pi\u00f9 vicina ai territori e ai cittadini\u00bb.<\/p>\n<p style=\"text-align: justify;\">Sulla stessa linea anche\u00a0Federica Felicetti, anche lei candidata al consiglio regionale del Lazio del 12 e 13 Febbraio prossimi, che ha posto l&#8217;accento sui Pat, Punti di assistenza territoriale. \u00abPurtroppo la Regione &#8211; ha spiegato la Felicetti &#8211; considera la nostra provincia alla stregua di un quartiere di Roma, ma le specificit\u00e0 del nostro territorio sono molto diverse come ho tante cercato di spiegare inutilmente a D&#8217;Amato nei confronti istituzionali che abbiamo avuto. Non \u00e8 possibile prevedere come nel caso dell&#8217;area nord della nostra provincia un punto di assistenza con soli 20 posti letto per oltre 100mila abitanti. E&#8217; inevitabile che cos\u00ec il filtro non\u00a0funziona e che tutte le emergenze si ripercuotono sul pronto soccorso del Santa Maria Goretti ingolfando l\u2019Ospedale del Capoluogo e lasciando sguarnito di assistenza e prestazioni il resto del territorio\u00bb.<\/p>\n<p style=\"text-align: justify;\">A conclusione del dibattito l\u2019intervento dell\u2019Onorevole\u00a0Giovanna Miele\u00a0che ha spiegato come \u00abNonostante l\u2019impegno del ministro della Sanit\u00e0 Squillaci la gestione della Sanit\u00e0 a livello locale \u00e8 in capo alle Regione e le criticit\u00e0 del Lazio e della provincia di Latina derivano da una gestione fallimentare che in questi anni non \u00e8 riuscita a garantire servizi adeguati ai cittadini. Il progressivo svuotare di funzioni e specialit\u00e0 gli ospedali del sud della provincia con un territorio che d\u2019estate moltiplica per cinque o sei volte le presenze grazie al turismo non \u00e8 di certo il modo migliore per garantire l\u2019assistenza sul territorio. L\u2019impegno di lavorare a livello nazionale per risolvere tanti punti critici della sanit\u00e0 italiana &#8211; ha concluso poi l\u2019Onorevole Miele &#8211; non pu\u00f2 non fare i conti con la gestione regionale e locale della Sanit\u00e0 del Lazio e della Provincia di Latina. Sono sicura che con la Lega e Francesco Rocca al Governo della Regione Lazio si possa finalmente voltare pagina e garantire alle persone quei livelli di assistenza sanitaria che sono uno degli indicatori fondamentali per giudicare il livello di un Paese e del suo tessuto sociale\u00bb.<\/p>\n<div class=\"radio-posizionamento-telefono-in-articoli-dopo-il-contenuto-articolo radio-entity-placement\" id=\"radio-1829233769\"><div id=\"radio-517723122\" style=\"width: 300px;height: 250px;\"><a href=\"https:\/\/www.icarspa.it\/auto\/usate\/latina\/\" aria-label=\"banner aprile icar new life &#8211; auto usate latina\"><img loading=\"lazy\" decoding=\"async\" src=\"https:\/\/www.radioluna.it\/news\/wp-content\/uploads\/2026\/02\/banner-aprile-icar-new-life-auto-usate-latina.gif\" alt=\"\"  width=\"300\" height=\"250\"   \/><\/a><\/div><\/div>","protected":false},"excerpt":{"rendered":"<p>LATINA &#8211; I candidati della Lega alla Regione Lazio, Massimiliano Carnevale e Federica Felicetti, alla presenza dell&#8217;onorevole Giovanna Miele, hanno organizzato un incontro &#8220;ricco di indicazioni e proposte per una nuova Sanit\u00e0 Regionale e Provinciale&#8221;, al quale hanno preso parte medici, operatori sanitari e personale ospedaliero per rappresentare quelle che sono criticit\u00e0 e possibili interventi [&hellip;]<\/p>\n","protected":false},"author":60,"featured_media":324327,"comment_status":"open","ping_status":"open","sticky":false,"template":"","format":"standard","meta":{"footnotes":""},"categories":[8],"tags":[],"class_list":["post-324326","post","type-post","status-publish","format-standard","has-post-thumbnail","hentry","category-politica"],"_links":{"self":[{"href":"https:\/\/www.radioluna.it\/news\/wp-json\/wp\/v2\/posts\/324326","targetHints":{"allow":["GET"]}}],"collection":[{"href":"https:\/\/www.radioluna.it\/news\/wp-json\/wp\/v2\/posts"}],"about":[{"href":"https:\/\/www.radioluna.it\/news\/wp-json\/wp\/v2\/types\/post"}],"author":[{"embeddable":true,"href":"https:\/\/www.radioluna.it\/news\/wp-json\/wp\/v2\/users\/60"}],"replies":[{"embeddable":true,"href":"https:\/\/www.radioluna.it\/news\/wp-json\/wp\/v2\/comments?post=324326"}],"version-history":[{"count":0,"href":"https:\/\/www.radioluna.it\/news\/wp-json\/wp\/v2\/posts\/324326\/revisions"}],"wp:featuredmedia":[{"embeddable":true,"href":"https:\/\/www.radioluna.it\/news\/wp-json\/wp\/v2\/media\/324327"}],"wp:attachment":[{"href":"https:\/\/www.radioluna.it\/news\/wp-json\/wp\/v2\/media?parent=324326"}],"wp:term":[{"taxonomy":"category","embeddable":true,"href":"https:\/\/www.radioluna.it\/news\/wp-json\/wp\/v2\/categories?post=324326"},{"taxonomy":"post_tag","embeddable":true,"href":"https:\/\/www.radioluna.it\/news\/wp-json\/wp\/v2\/tags?post=324326"}],"curies":[{"name":"wp","href":"https:\/\/api.w.org\/{rel}","templated":true}]}}