{"id":324341,"date":"2023-01-16T12:34:09","date_gmt":"2023-01-16T11:34:09","guid":{"rendered":"https:\/\/www.radioluna.it\/news\/?p=324341"},"modified":"2023-01-17T19:03:51","modified_gmt":"2023-01-17T18:03:51","slug":"prima-visita-del-candidato-rocca-a-formia-per-sostenere-la-lega","status":"publish","type":"post","link":"https:\/\/www.radioluna.it\/news\/2023\/01\/prima-visita-del-candidato-rocca-a-formia-per-sostenere-la-lega\/","title":{"rendered":"Prima visita del candidato Rocca a Formia per sostenere la Lega"},"content":{"rendered":"<div id=\"fb-root\"><\/div>\n<p style=\"text-align: justify;\"><strong>FORMIA &#8211; <\/strong>Prima volta a Formia per il candidato del centro destra alla presidenza della Regione Lazio Francesco Rocca arrivato nella centralissima via Vitruvio per inaugurare l\u2019info point dei candidati della Lega al consiglio regionale Antonio Di Rocco e Patrizia Fanti.\u00a0 Sono pronto dal &#8220;14 febbraio a ridare dignit\u00e0 all\u2019istituzione Regione&#8221;, ha detto sottolineando come \u00a0come i \u201ccittadini abbiano bisogno di concretezza&#8221;.<\/p>\n<p style=\"text-align: justify;\">&#8220;Siamo da reduci da dieci anni di promesse non mantenute\u2013 ha subito esordito \u2013 e da zero fatti. Mi impegner\u00f2 da subito, appena sar\u00f2 eletto governatore del Lazio, a realizzare azioni concrete che possano contribuire a migliorare la qualit\u00e0 dei cittadini laziali. Lo so, c\u2019\u00e8 bisogno di dare risposte immediate e certe agli imprenditori, al tessuto imprenditoriale e commerciale che, come i cittadini comuni, hanno \u2018fame\u2019 di un potenziamento infrastrutturale e viario e di una sanit\u00e0 pubblica pi\u00f9 funzionale rispetto a quella garantita negli ultimi dieci anni dal governo del Pd\u201d.<\/p>\n<p style=\"text-align: justify;\">Il candidato Rocca, raccogliendo la provocazione iniziale del neo deputato Nicola Ottaviani, \u00e8 stato chiaro quando ha ricordato come il sud pontino e la stessa provincia di Latina hanno tutte le potenzialit\u00e0 e le riconosciute bellezze naturali e centrali per essere \u201ccentrali nella mia idea di Regione. I fondi ci sono sempre stati. Purtroppo \u2013 ha precisato &#8211;\u00a0 non sono mai stati utilizzati\u2026forse a causa di una manifesta incapacit\u00e0\u201d.<\/p>\n<p style=\"text-align: justify;\">Il presidente nazionale della Croce Rossa ha pi\u00f9 volte annunciato,invece, la necessit\u00e0 di rilanciare il welfare, \u201cumiliato anche dalla recente decisione di aumentare da parte della Giunta Zingaretti la tassazione. La situazione economica \u2013 ha specificato \u2013\u00e8 davvero difficile \u00a0in una Regione gi\u00e0 di per se molto trascurata. Le famiglie non ce la fanno pi\u00f9 neanche ad arrivare alla terza settimana. E\u2019 una grande emergenza sociale che non pu\u00f2 essere risolta difendendo a tutti i costi il reddito di cittadinanza ma creando vere opportunit\u00e0 di lavoro\u201d.<\/p>\n<p style=\"text-align: justify;\">Arrivando a Formia da Fondi, il candidato presidente Rocca ha capito sulla sua pelle quanto il sud pontino sia lontano dalla capitale (\u201cla citt\u00e0 metropolitana attende ancora di conoscere le nuove competenze\u00a0 che quando arriveranno contribuiranno a favorire il rilancio delle altro quattro province laziali\u201d) in termini infrastrutturali e viari. Da qui un nuovo affondo alla Giunta Zingaretti: \u201cLa Provincia di Latina \u00e8 stata letteralmente dimenticata e mi riferisco al mancato raddoppio della Roma-Latina, alla mancata realizzazione del progetto della Cisterna-Valmontone e alla stessa strada Pedemontana di Formia. Vi assicuro \u2013 ha detto al folto pubblico di dirigenti, simpatizzanti ed elettori della Lega intervenuti al taglio del nastro del comitato dei candidati Di Rocco e Fanti \u2013 che questi progetti saranno parte integrante subito della mia agenda di governo. Sono strettamente legati al necessario potenziamento del porto commerciale di Gaeta, pronto a diventare, se supportato sul piano viario in considerazione della sua vicinanza geografica al Mof di Fondi, un hub di primissimo livello nel Mediterraneo per la movimentazione dell\u2019ortofrutta\u201d.<\/p>\n<p style=\"text-align: justify;\">In termini di portualit\u00e0 il candidato del centro destra alla presidenza della Regione Lazio ha commentato anche la proposta del candidato della Lega Antonio Di Rocco (\u201cuno dei candidati al consiglio regionale tra i pi\u00f9 preparati che io conosca\u201d) perch\u00e9 la citt\u00e0 di Formia, sede del secondo porto passeggeri pi\u00f9 importante del Lazio dopo quello di Civitavecchia, entri a far parte dell\u2019Autorit\u00e0 di sistema del Mar Tirreno centro settentrionale. \u201cIstintivamente rispondo che sono favorevole \u2013 ha ribattuto Francesco Rocca \u2013 La proposta, molto bella e suggestiva, dovr\u00e0 essere oggetto di valutazione\u00a0 per valutare gli effetti e i benefici. Ma se \u00e8 stata avanzata avr\u00e0 le sue buone ragioni\u2026\u201d<\/p>\n<p style=\"text-align: justify;\">All\u2019inaugurazione dell\u2019info point di Formia dei candidati Di Rocco e Fanti hanno partecipato, intervenendo, oltre al neo deputato Nicola Ottaviani (\u201cIn\u00a0 questo territorio il pathos, la concretezza programmatica, l\u2019affidabilit\u00e0 e l\u2019esperienza della classe dirigente sono davvero inimitabili\u201d), il parlamentare europeo Matteo Adinolfi e, in rappresentanza dei tantissimi amministratori provenienti da ogni angolo della provincia di Latina, il sindaco di Ponza Franco Ambrosino.<\/p>\n<p style=\"text-align: justify;\">Tra i temi affrontati\u00a0 il rilancio della sanit\u00e0 pubblica e l\u2019urgente \u00a0potenziamento e riqualificazione del servizio dei collegamenti marittimi con i porti di Formia e Terracina ma anche il ripristino dopo alcuni anni di quello, durante la stagione estiva e turistica, con la seconda isola pontina, Ventotene. Il candidato presidente Rocca, replicando, ha annunciato di garantire \u201cla dovuta attenzione\u201d alla necessit\u00e0 di garantire un maggiore decentramento amministrativo rispetto al passato e ha concluso con una promessa solenne: \u201cLa mia Regione Lazio sar\u00e0 la casa dei sindaci che dovranno trovare nel nuovo presidente e nei nuovi consiglieri regionali degni e attenti interlocutori, inclini all\u2019ascolto nel capire i loro problemi che, poi, sono quelli delle comunit\u00e0\u00a0 che rappresentano quotidianamente\u201d.<\/p>\n<p style=\"text-align: justify;\">Nel suo intervento il candidato Di Rocco ha affrontato alcune delle problematiche a causa delle quali \u201csiamo diventati la periferia della periferia. Siamo tutti contenti che un giorno si far\u00e0 il Policlinico del Golfo ma dal presidente Rocca \u00a0attendiamo subito un risultato: i servizi, in termini di organici e di apparecchiature, rimossi\u00a0 nel corso di questi anni dall\u2019ospedale Dono Svizzero vengano ripristinati.\u00a0 Al nuovo corso in Regione chiederemo un sostegno ad intercettare la coda residuale dei fondi del Pnrr e quelli comunitari che la stessa Regione nelle prossime settimane sar\u00e0 chiamata a programmare\u201d.<\/p>\n<p style=\"text-align: justify;\">Patrizia Fanti, pi\u00f9 volte consigliera comunale ed assessora al comune di Latina di cui \u00e8 stata vice sindaco, inaugurando il suo point elettorale insieme al candidato Di Rocco, ha rivelato di \u201caver\u00a0 ritrovato, dopo lunghi anni, la passione di fare nuova politica. Lo devo a tanti amici con\u00a0 i quali ho collaborato in passato in un\u2019altra indimenticabile esperienza partitica ed umana. Ho accettato la proposta di candidarmi con la Lega perch\u00e9 ho ritrovato tante persone che possano vantare un invidiabile bagaglio di idee ed, oltre ad un\u2019importante esperienza, una riconosciuta capacit\u00e0 amministrativa e gestionale\u201d.<\/p>\n<p>&nbsp;<\/p>\n<div class=\"radio-posizionamento-telefono-in-articoli-dopo-il-contenuto-articolo radio-entity-placement\" id=\"radio-922553632\"><div id=\"radio-291052793\"><a href=\"https:\/\/www.simeoneceramiche.com\/\" aria-label=\"SIMEONE CERAMICHE GIF animata per radioluna_Tavola disegno 1 copia 2 (online-video-cutter.com)\"><img loading=\"lazy\" decoding=\"async\" src=\"https:\/\/www.radioluna.it\/news\/wp-content\/uploads\/2025\/05\/SIMEONE-CERAMICHE-GIF-animata-per-radioluna_Tavola-disegno-1-copia-2-online-video-cutter.com_.gif\" alt=\"\"  width=\"300\" height=\"250\"   \/><\/a><\/div><\/div>","protected":false},"excerpt":{"rendered":"<p>FORMIA &#8211; Prima volta a Formia per il candidato del centro destra alla presidenza della Regione Lazio Francesco Rocca arrivato nella centralissima via Vitruvio per inaugurare l\u2019info point dei candidati della Lega al consiglio regionale Antonio Di Rocco e Patrizia Fanti.\u00a0 Sono pronto dal &#8220;14 febbraio a ridare dignit\u00e0 all\u2019istituzione Regione&#8221;, ha detto sottolineando come [&hellip;]<\/p>\n","protected":false},"author":60,"featured_media":324344,"comment_status":"open","ping_status":"open","sticky":false,"template":"","format":"standard","meta":{"footnotes":""},"categories":[8],"tags":[],"class_list":["post-324341","post","type-post","status-publish","format-standard","has-post-thumbnail","hentry","category-politica"],"_links":{"self":[{"href":"https:\/\/www.radioluna.it\/news\/wp-json\/wp\/v2\/posts\/324341","targetHints":{"allow":["GET"]}}],"collection":[{"href":"https:\/\/www.radioluna.it\/news\/wp-json\/wp\/v2\/posts"}],"about":[{"href":"https:\/\/www.radioluna.it\/news\/wp-json\/wp\/v2\/types\/post"}],"author":[{"embeddable":true,"href":"https:\/\/www.radioluna.it\/news\/wp-json\/wp\/v2\/users\/60"}],"replies":[{"embeddable":true,"href":"https:\/\/www.radioluna.it\/news\/wp-json\/wp\/v2\/comments?post=324341"}],"version-history":[{"count":0,"href":"https:\/\/www.radioluna.it\/news\/wp-json\/wp\/v2\/posts\/324341\/revisions"}],"wp:featuredmedia":[{"embeddable":true,"href":"https:\/\/www.radioluna.it\/news\/wp-json\/wp\/v2\/media\/324344"}],"wp:attachment":[{"href":"https:\/\/www.radioluna.it\/news\/wp-json\/wp\/v2\/media?parent=324341"}],"wp:term":[{"taxonomy":"category","embeddable":true,"href":"https:\/\/www.radioluna.it\/news\/wp-json\/wp\/v2\/categories?post=324341"},{"taxonomy":"post_tag","embeddable":true,"href":"https:\/\/www.radioluna.it\/news\/wp-json\/wp\/v2\/tags?post=324341"}],"curies":[{"name":"wp","href":"https:\/\/api.w.org\/{rel}","templated":true}]}}