{"id":324456,"date":"2023-01-17T19:30:58","date_gmt":"2023-01-17T18:30:58","guid":{"rendered":"https:\/\/www.radioluna.it\/news\/?p=324456"},"modified":"2023-01-17T19:30:58","modified_gmt":"2023-01-17T18:30:58","slug":"il-parroco-di-san-marco-francesco-pampinella-e-il-nuovo-delegato-episcopale-per-la-vita-consacrata","status":"publish","type":"post","link":"https:\/\/www.radioluna.it\/news\/2023\/01\/il-parroco-di-san-marco-francesco-pampinella-e-il-nuovo-delegato-episcopale-per-la-vita-consacrata\/","title":{"rendered":"Il parroco di San Marco Francesco Pampinella \u00e8 il nuovo Delegato episcopale per la Vita consacrata"},"content":{"rendered":"<div id=\"fb-root\"><\/div>\n<p style=\"text-align: justify;\"><strong><img loading=\"lazy\" decoding=\"async\" class=\" wp-image-324457 alignright\" src=\"https:\/\/www.radioluna.it\/news\/wp-content\/uploads\/2023\/01\/Don-Francesco-Pampinella_quadrato-360x338-1.jpg\" alt=\"\" width=\"257\" height=\"241\" \/>LATINA<\/strong> &#8211; Arrivano a inizio del nuovo anno due nuove nomine per la diocesi di Latina. Il vescovo Mariano Crociata ha comunicato nei giorni scorsi che il parroco della cattedrale di San Marco a Latina, don Francesco Pampinella, salesiano, \u00e8 il nuovo Delegato episcopale per la Vita consacrata. Don Francesco Pampinella dal 2019 \u00e8 direttore della comunit\u00e0 salesiana di Latina, dal\u00a0 2002 al 2008 ha svolto il suo ministero presso la struttura Borgo Ragazzi Don Bosco, a Roma, dove ha ricoperto vari incarichi tra i quali, coordinatore del settore emarginazione e disagio; responsabile della casa-famiglia ed economo. Dal 2008-2011 \u00e8 stato incaricato dell\u2019oratorio salesiano di Genzano di Roma. Dal 2011 al 2017 direttore e parroco a Vasto in Abruzzo. Dal 2017 al 2019 direttore Comunit\u00e0 per salesiani non pi\u00f9 autosufficienti a Roma.<\/p>\n<p style=\"text-align: justify;\">La seconda nomina \u00e8 per\u00a0don Gheorghe Lucaci, 44 anni d\u2019et\u00e0, che diventa\u00a0Direttore dell\u2019Ufficio diocesano per la Pastorale del Tempo libero, del turismo e dello sport. Don Lucaci \u00e8 stato ordinato presbitero il 29 giugno 2014, ad oggi \u00e8 anche Amministratore parrocchiale di Madonna dell\u2019Olmo in Olmobello di Cisterna di Latina.<\/p>\n","protected":false},"excerpt":{"rendered":"<p>LATINA &#8211; Arrivano a inizio del nuovo anno due nuove nomine per la diocesi di Latina. Il vescovo Mariano Crociata ha comunicato nei giorni scorsi che il parroco della cattedrale di San Marco a Latina, don Francesco Pampinella, salesiano, \u00e8 il nuovo Delegato episcopale per la Vita consacrata. Don Francesco Pampinella dal 2019 \u00e8 direttore [&hellip;]<\/p>\n","protected":false},"author":60,"featured_media":173234,"comment_status":"open","ping_status":"open","sticky":false,"template":"","format":"standard","meta":{"footnotes":""},"categories":[735],"tags":[],"class_list":["post-324456","post","type-post","status-publish","format-standard","has-post-thumbnail","hentry","category-attualita"],"_links":{"self":[{"href":"https:\/\/www.radioluna.it\/news\/wp-json\/wp\/v2\/posts\/324456","targetHints":{"allow":["GET"]}}],"collection":[{"href":"https:\/\/www.radioluna.it\/news\/wp-json\/wp\/v2\/posts"}],"about":[{"href":"https:\/\/www.radioluna.it\/news\/wp-json\/wp\/v2\/types\/post"}],"author":[{"embeddable":true,"href":"https:\/\/www.radioluna.it\/news\/wp-json\/wp\/v2\/users\/60"}],"replies":[{"embeddable":true,"href":"https:\/\/www.radioluna.it\/news\/wp-json\/wp\/v2\/comments?post=324456"}],"version-history":[{"count":0,"href":"https:\/\/www.radioluna.it\/news\/wp-json\/wp\/v2\/posts\/324456\/revisions"}],"wp:featuredmedia":[{"embeddable":true,"href":"https:\/\/www.radioluna.it\/news\/wp-json\/wp\/v2\/media\/173234"}],"wp:attachment":[{"href":"https:\/\/www.radioluna.it\/news\/wp-json\/wp\/v2\/media?parent=324456"}],"wp:term":[{"taxonomy":"category","embeddable":true,"href":"https:\/\/www.radioluna.it\/news\/wp-json\/wp\/v2\/categories?post=324456"},{"taxonomy":"post_tag","embeddable":true,"href":"https:\/\/www.radioluna.it\/news\/wp-json\/wp\/v2\/tags?post=324456"}],"curies":[{"name":"wp","href":"https:\/\/api.w.org\/{rel}","templated":true}]}}