{"id":324997,"date":"2023-02-02T08:40:43","date_gmt":"2023-02-02T07:40:43","guid":{"rendered":"https:\/\/www.radioluna.it\/news\/?p=324997"},"modified":"2023-02-02T08:40:43","modified_gmt":"2023-02-02T07:40:43","slug":"bagno-di-folla-per-francesco-rocca-al-teatro-moderno-di-latina","status":"publish","type":"post","link":"https:\/\/www.radioluna.it\/news\/2023\/02\/bagno-di-folla-per-francesco-rocca-al-teatro-moderno-di-latina\/","title":{"rendered":"Bagno di folla per Francesco Rocca al teatro Moderno di Latina"},"content":{"rendered":"<div id=\"fb-root\"><\/div>\n<p style=\"text-align: justify;\"><strong>LATINA<\/strong> &#8211; Bagno di folla per Francesco Rocca al teatro Moderno di Latina. Tantissimi i cittadini che hanno deciso di partecipare, mercoled\u00ec primo febbraio, all\u2019evento organizzato da Fratelli d\u2019Italia provincia di Latina per presentare il candidato alla presidenza della Regione Lazio e i candidati di Fratelli d\u2019 Italia della provincia di Latina al Consiglio Regionale.<\/p>\n<p style=\"text-align: justify;\">A fare gli onori di casa il coordinatore provinciale del partito, il Senatore Nicola Calandrini. \u201cGrazie a tutti voi che siete l\u2019anima del partito e che consentite a Fratelli d\u2019Italia di avere il record di consensi elettorali in tutta la Nazione. Un risultato ottenuto grazie a Giorgia Meloni ma che trova la sua linfa vitale nello splendido lavoro che effettuiamo ogni giorno sui territori. In Senato, da presidente della quinta commissione, ho lavorato alla legge di bilancio. Ci siamo battuti per destinare pi\u00f9 risorse a chi lavora, con gli interventi sul cuneo fiscale. E\u2019 solo l\u2019avvio di un percorso ma \u00e8 un segnale forte di come la destra voglia concentrarsi davvero su chi \u00e8 pi\u00f9 fragile, chi \u00e8 pi\u00f9 debole, chi ha bisogno di sostegno. Stiamo risollevando la nazione e tutti gli indicatori lo confermano: lo spread scende, la borsa sale, il pil cresce. Vogliamo portare la concretezza del governo nazionale anche in regione e Francesco Rocca \u00e8 il candidato migliore che potessimo scegliere. Individuato dall\u2019intuito e dalla sensibilit\u00e0 di Giorgia Meloni, rappresenta la sintesi perfetta per tutti i partiti della coalizione, che lo hanno accolto con entusiasmo per le sue caratteristiche umane, manageriali e politiche. In questi anni la Regione Lazio ha smantellato la sanit\u00e0 dei territori, con liste di attesa inumane, intollerabili. Nonostante questo disastro hanno avuto il coraggio di candidare come presidente il loro assessore alla sanit\u00e0. Negli ultimi cinque anni Nicola Zingaretti ha fatto di tutto per fuggire dal suo ruolo, rincorrendo ogni tipo di incarico. Noi oggi proponiamo un uomo, sostenuto da una squadra, che invece non ha bisogno di poltrone, avendo lasciato la guida della Croce Rossa ma vuole lavorare per migliorare questo territorio\u201d.<\/p>\n<p style=\"text-align: justify;\">Sul palco i sei candidati al Consiglio regionale del partito: Vincenzo Fedele, Valentina Lax, Elena Palazzo, Vittorio Sambucci, Enrico Tiero, Emanuela Zappone.<\/p>\n<p style=\"text-align: justify;\">Ospite dell\u2019incontro l\u2019Euoparlamentare di Fratelli d\u2019Italia, l\u2019On Nicola Procaccini: \u201cPenso davvero che Francesco Rocca sia la persona giusta per ricoprire il ruolo di presidente della Regione Lazio. Voi siete la mia comunit\u00e0 politica e proprio a voi mi piace ricordare che Francesco Rocca di militanza ne ha fatta, quando schierarsi a destra voleva dire rischiare tutto. Credo che questa esperienza lo abbia aiutato anche per poi vivere una vita spesa per gli altri, per chi \u00e8 davvero in pericolo di vita, chi davvero sta soffrendo persecuzioni di ogni genere. Credo che l\u2019identikit di Francesco Rocca renda noi orgogliosi di poter sostenere Francesco Rocca alla Regione Lazio\u201d.<\/p>\n<p style=\"text-align: justify;\">Applausi e consensi sono stati registrati dal candidato presidente Francesco Rocca: \u201cGrazie a Nicola Calandrini e Procaccini per lo straordinario lavoro che stanno facendo sul territorio per sostenermi in questa campagna elettorale. Noi abbiamo la responsabilit\u00e0 di ridar fiducia ai giovani, di fargli capire che le cose si possono cambiare se si vuole. Hanno alle spalle 20 anni di mancate risposte e cos\u00ec non possono avere fiducia nella politica. Io sento che tra cinque anni avremo tanti giovani accanto a noi perch\u00e9 capiranno che noi saremo in Regione Lazio per servire la politica e non per servircene come hanno fatto in troppi negli ultimi anni. In 10 anni da parte di Zingaretti non c\u2019\u00e8 stata una sola risposta: abbiamo dei trasporti che non funzionano, il sistema dei rifiuti \u00e8 pessimo, non ci sono infrastrutture. La prima cosa a cui metter\u00f2 mano sar\u00e0 la Cisterna Valmontone, perch\u00e9 \u00e8 gi\u00e0 finanziata e quindi non si capisce perch\u00e9 non partano i cantieri. Allo stesso modo vigileremo perch\u00e9 venga realizzata la Roma- Latina. Perch\u00e9 sono infrastrutture necessarie per permettere agli imprenditori e alle aziende di svilupparsi. E\u2019 questo che porta ricchezza sul territorio non il reddito di cittadinanza. A sinistra sento slogan, noi invece vogliamo fare fatti. Io in cento giorni voglio emanare una legge sull\u2019erosione costiera. Voglio leggi, non assessorati. E se proprio un assessorato deve essere rimesso, ed \u00e8 una vergogna sia stato cancellato, \u00e8 quello alla cultura. Siamo una regione ricca di siti naturalistici e patrimoniali che farebbero invidia al mondo ma che non sono conosciuti. E torniamo sempre al problema viabilit\u00e0: senza infrastrutture non possono arrivare i turisti e non arrivano risorse e posti di lavoro\u201d.<\/p>\n<p style=\"text-align: justify;\">\u201cLa Regione Lazio, negli ultimi anni, ha lasciato soli agricoltori e imprenditori di questa provincia, non ha fatto nulla per affrontare la crisi idrica, l\u2019erosione costiera, emergenze come la moria dei kiwi, una delle nostre eccellenze. Noi abbiamo invece ben chiara la rotta \u2013 ha dichiarato il Senatore Calandrini a margine della manifestazione &#8211; con Rocca passeremo dalle parole ali fatti, dal nulla al governo del Lazio, finalmente\u201d.<\/p>\n<div class=\"radio-posizionamento-telefono-in-articoli-dopo-il-contenuto-articolo radio-entity-placement\" id=\"radio-3525494615\"><div id=\"radio-4058725114\" style=\"width: 300px;height: 250px;\"><a href=\"https:\/\/www.icarspa.it\/auto\/usate\/latina\/\" aria-label=\"banner aprile icar new life &#8211; auto usate latina\"><img loading=\"lazy\" decoding=\"async\" src=\"https:\/\/www.radioluna.it\/news\/wp-content\/uploads\/2026\/02\/banner-aprile-icar-new-life-auto-usate-latina.gif\" alt=\"\"  width=\"300\" height=\"250\"   \/><\/a><\/div><\/div>","protected":false},"excerpt":{"rendered":"<p>LATINA &#8211; Bagno di folla per Francesco Rocca al teatro Moderno di Latina. Tantissimi i cittadini che hanno deciso di partecipare, mercoled\u00ec primo febbraio, all\u2019evento organizzato da Fratelli d\u2019Italia provincia di Latina per presentare il candidato alla presidenza della Regione Lazio e i candidati di Fratelli d\u2019 Italia della provincia di Latina al Consiglio Regionale. [&hellip;]<\/p>\n","protected":false},"author":60,"featured_media":0,"comment_status":"open","ping_status":"open","sticky":false,"template":"","format":"standard","meta":{"footnotes":""},"categories":[8],"tags":[],"class_list":["post-324997","post","type-post","status-publish","format-standard","hentry","category-politica"],"_links":{"self":[{"href":"https:\/\/www.radioluna.it\/news\/wp-json\/wp\/v2\/posts\/324997","targetHints":{"allow":["GET"]}}],"collection":[{"href":"https:\/\/www.radioluna.it\/news\/wp-json\/wp\/v2\/posts"}],"about":[{"href":"https:\/\/www.radioluna.it\/news\/wp-json\/wp\/v2\/types\/post"}],"author":[{"embeddable":true,"href":"https:\/\/www.radioluna.it\/news\/wp-json\/wp\/v2\/users\/60"}],"replies":[{"embeddable":true,"href":"https:\/\/www.radioluna.it\/news\/wp-json\/wp\/v2\/comments?post=324997"}],"version-history":[{"count":0,"href":"https:\/\/www.radioluna.it\/news\/wp-json\/wp\/v2\/posts\/324997\/revisions"}],"wp:attachment":[{"href":"https:\/\/www.radioluna.it\/news\/wp-json\/wp\/v2\/media?parent=324997"}],"wp:term":[{"taxonomy":"category","embeddable":true,"href":"https:\/\/www.radioluna.it\/news\/wp-json\/wp\/v2\/categories?post=324997"},{"taxonomy":"post_tag","embeddable":true,"href":"https:\/\/www.radioluna.it\/news\/wp-json\/wp\/v2\/tags?post=324997"}],"curies":[{"name":"wp","href":"https:\/\/api.w.org\/{rel}","templated":true}]}}