{"id":325041,"date":"2023-02-03T16:20:04","date_gmt":"2023-02-03T15:20:04","guid":{"rendered":"https:\/\/www.radioluna.it\/news\/?p=325041"},"modified":"2023-02-04T12:18:28","modified_gmt":"2023-02-04T11:18:28","slug":"domenica-la-maratona-di-circe-attesi-1800-atleti-provenienti-da-tutto-il-mondo","status":"publish","type":"post","link":"https:\/\/www.radioluna.it\/news\/2023\/02\/domenica-la-maratona-di-circe-attesi-1800-atleti-provenienti-da-tutto-il-mondo\/","title":{"rendered":"Domenica la Maratona di Circe. Attesi 1800 atleti provenienti da tutto il mondo"},"content":{"rendered":"<div id=\"fb-root\"><\/div>\n<p style=\"text-align: justify;\">CIRCEO &#8211; Ancora pochi giorni di attesa per lo start della terza edizione della Maratona Maga Circe, evento Fidal organizzato dalla asd In Corsa Libera, in programma domenica 5 febbraio, con partenza alle 9.30 dal centro storico di San Felice Circeo, a piazza Vittorio Veneto, e arrivo a Sabaudia in piazza del Comune.<\/p>\n<p style=\"text-align: justify;\">La corsa che unisce le due parti del promontorio pontino, attraversando uno dei territori pi\u00f9 belli d\u2019Italia, \u00e8 diventata un appuntamento fisso per i podisti, pronti a sfidarsi su tre distanze competitive: 42, 195 km, 28 km e 13 km.<\/p>\n<p style=\"text-align: justify;\">Quest\u2019anno saranno oltre 1.800 gli atleti ai nastri di partenza, a conferma del crescente prestigio di questa maratona che ha dimostrato, negli anni, la grande capacit\u00e0 degli organizzatori e dei due Comuni pontini di organizzare un evento nonostante le restrizioni per contenere la pandemia che hanno fortemente limitato lo svolgimento di manifestazioni sportive in tutta Italia.<\/p>\n<p style=\"text-align: justify;\">\u201cNel 2020 \u2013 ricorda Felice Capponi, assessore allo Sport del Comune di San Felice Circeo \u2013 la Maratona Maga Circe \u00e8 stata l\u2019ultima corsa disputata in Italia prima del lockdown. Un anno dopo, la crescita dei contagi da Covid ha bloccato lo sport in tutta la nazione, impedendo lo svolgimento della manifestazione; nel 2022, un\u2019organizzazione impeccabile a prova di contagio ha riportato la maratona nel nostro territorio.\u201d \u201cFra qualche giorno \u2013 continua \u2013 torneremo con la terza edizione e potremo correre in libert\u00e0, senza restrizioni e preoccupazioni. Vedremo la maratona al massimo delle sue potenzialit\u00e0 e festeggeremo il ritorno definitivo alla normalit\u00e0 assieme ai podisti e ai turisti che stanno venendo per vivere un fine settimana al Circeo e assistere alla corsa: lo sport si conferma volano per la destagionalizzazione del turismo nel nostro territorio.\u201d \u201cLa Maga Circe apre ufficialmente il nostro 2023 di sport \u2013 conclude l\u2019assessore \u2013 che quest\u2019anno vedr\u00e0 la collaborazione con Cenacoli, agenzia di comunicazione che ci aiuter\u00e0 nell\u2019ideazione del nostro calendario di eventi sportivi.\u201d<\/p>\n<p>\u201cSiamo pronti a ridare spettacolo nelle nostre amate localit\u00e0 di Sabaudia e San Felice Circeo \u2013 commenta il presidente della Asd In Corsa Libera, Davide Fioriello \u2013 Il tracciato \u00e8 di grande fascino e i partecipanti sono aumentati di anno in anno, superando il numero dell\u2019edizione inaugurale, disputata prima dello scoppio della pandemia; a dimostrazione di questa crescita, abbiamo registrato moltissime iscrizioni dall\u2019estero, segno che la corsa \u00e8 conosciuta anche fuori dall\u2019Italia. L\u2019evento sar\u00e0 accompagnato da spettacoli, come quello del gruppo Sbandieratori Ducato Caetani Sermoneta, e intrattenimento musicale, previsto in alcuni punti del percorso. Sar\u00e0 una grande festa.\u201d<\/p>\n<p>La Maratona Maga Circe \u00e8 un prodotto della asd In Corsa Libera e si svolge sotto l\u2019egida Fidal, con il patrocinio dei Comuni di Sabaudia, San Felice Circeo e di Opes ed \u00e8 promossa da Citt\u00e0 Sport e Cultura. La gara \u00e8 inserita nel calendario nazionale FIDAL tappa Bronze.<\/p>\n<p>IL PROGRAMMA<br \/>\nLa giornata del 5 febbraio prevede il ritrovo generale degli atleti alle 7.30 a Sabaudia dove, da Piazza Principessa Mafalda di Savoia, partiranno le navette per San Felice; chi preferisse muoversi in autonomia potr\u00e0 presentarsi direttamente mezz&#8217;ora prima della partenza, munito di pettorale, al Circeo, in via Roma.<\/p>\n<p>Le tre gare partiranno alle ore 9.30 mentre le premiazioni sono previste dalle 11.30 in poi.<\/p>\n","protected":false},"excerpt":{"rendered":"<p>CIRCEO &#8211; Ancora pochi giorni di attesa per lo start della terza edizione della Maratona Maga Circe, evento Fidal organizzato dalla asd In Corsa Libera, in programma domenica 5 febbraio, con partenza alle 9.30 dal centro storico di San Felice Circeo, a piazza Vittorio Veneto, e arrivo a Sabaudia in piazza del Comune. La corsa [&hellip;]<\/p>\n","protected":false},"author":5430,"featured_media":0,"comment_status":"open","ping_status":"open","sticky":false,"template":"","format":"standard","meta":{"footnotes":""},"categories":[17],"tags":[],"class_list":["post-325041","post","type-post","status-publish","format-standard","hentry","category-sport"],"_links":{"self":[{"href":"https:\/\/www.radioluna.it\/news\/wp-json\/wp\/v2\/posts\/325041","targetHints":{"allow":["GET"]}}],"collection":[{"href":"https:\/\/www.radioluna.it\/news\/wp-json\/wp\/v2\/posts"}],"about":[{"href":"https:\/\/www.radioluna.it\/news\/wp-json\/wp\/v2\/types\/post"}],"author":[{"embeddable":true,"href":"https:\/\/www.radioluna.it\/news\/wp-json\/wp\/v2\/users\/5430"}],"replies":[{"embeddable":true,"href":"https:\/\/www.radioluna.it\/news\/wp-json\/wp\/v2\/comments?post=325041"}],"version-history":[{"count":0,"href":"https:\/\/www.radioluna.it\/news\/wp-json\/wp\/v2\/posts\/325041\/revisions"}],"wp:attachment":[{"href":"https:\/\/www.radioluna.it\/news\/wp-json\/wp\/v2\/media?parent=325041"}],"wp:term":[{"taxonomy":"category","embeddable":true,"href":"https:\/\/www.radioluna.it\/news\/wp-json\/wp\/v2\/categories?post=325041"},{"taxonomy":"post_tag","embeddable":true,"href":"https:\/\/www.radioluna.it\/news\/wp-json\/wp\/v2\/tags?post=325041"}],"curies":[{"name":"wp","href":"https:\/\/api.w.org\/{rel}","templated":true}]}}