{"id":325046,"date":"2023-02-04T11:51:23","date_gmt":"2023-02-04T10:51:23","guid":{"rendered":"https:\/\/www.radioluna.it\/news\/?p=325046"},"modified":"2023-02-04T11:51:23","modified_gmt":"2023-02-04T10:51:23","slug":"valeria-campagna-lista-civica-damato-lancia-lassessorato-al-mare","status":"publish","type":"post","link":"https:\/\/www.radioluna.it\/news\/2023\/02\/valeria-campagna-lista-civica-damato-lancia-lassessorato-al-mare\/","title":{"rendered":"Valeria Campagna (Lista civica D&#8217;Amato) lancia l&#8217;assessorato al Mare"},"content":{"rendered":"<div id=\"fb-root\"><\/div>\n<p style=\"text-align: justify;\"><strong>LATINA<\/strong> -Il mare \u00e8 oro blu di cui il Lazio abbonda. Solo per la provincia di Latina pensiamo al litorale che dal capoluogo si estende fino a Formia e Gaeta passando per Sabaudia e Terracina. Oppure pensiamo a quelle isole che l\u2019Italia intera ci invidia come Ponza, Palmarola o Ventotene. Ecco perch\u00e9 ritengo straordinariamente azzeccata la proposta di istituire un assessorato all\u2019economia del mare\u201d. A dirlo \u00e8 Valeria Campagna capolista, nella Provincia di Latina, della lista civica D\u2019Amato Presidente.<\/p>\n<p style=\"text-align: justify;\">\u201cLa valorizzazione marittima avverrebbe da pi\u00f9 punti di vista \u2013 aggiunge Campagna \u2013 poich\u00e9 l\u2019assessorato all\u2019economia del mare metter\u00e0 insieme diverse deleghe oggi divise tra altri assessorati. Dalla blue economy alla valorizzazione del sistema costiero sotto l\u2019aspetto ambientale, infrastrutturale, trasportistico ed urbanistico. L\u2019assessorato all\u2019economia del mare sar\u00e0 inoltre competente dei rapporti con il livello statale ed europeo motivo per cui andr\u00e0 a rafforzare la coesione con i ministeri competenti. Penso, ad esempio, al Ministero dell\u2019Ambiente e alle disposizioni che d\u00e0 in tema di interventi di efficienza energetica, mobilit\u00e0 sostenibile e adattamento agli impatti dei cambiamenti climatici nelle isole. Le isole della provincia di Latina, in questo senso, potrebbero davvero diventare territori nei quali realizzare processi di graduale sviluppo della produzione di energia rinnovabile e dove avviare una transizione verso un\u2019energia pulita\u201d.<\/p>\n<p style=\"text-align: justify;\">Ma mare vuol dire anche economia e turismo. Ecco perch\u00e9 Valeria Campagna aggiunge: \u201cIl Lazio ha gi\u00e0 inserito l\u2019economia del Mare nella Strategia di Specializzazione Intelligente per il 2021-2027 ed \u00e8 una scelta che permetter\u00e0 alle imprese del settore di partecipare a bandi a sostegno delle attivit\u00e0 produttive. L\u2019assessorato, poi, potr\u00e0 sviluppare il modello DMO mettendo in connessione i vari operatori del comparto turistico per creare un modello integrato capace di valorizzare il nostro meraviglioso territorio marittimo. Aumentando la capacit\u00e0 di attrazione dei turisti e, al contempo, migliorando la qualit\u00e0 della vita dei cittadini e delle cittadine residenti attraverso la fornitura di nuovi servizi. In conclusione: \u201cAlessio D\u2019Amato \u00e8 l\u2019unico candidato alla presidenza del Lazio che propone un assessorato ad hoc. Votare per lui vuol dire votare per la valorizzazione del nostro mare\u201d.<\/p>\n<div class=\"radio-posizionamento-telefono-in-articoli-dopo-il-contenuto-articolo radio-entity-placement\" id=\"radio-3979544646\"><div id=\"radio-2346733990\" style=\"width: 300px;height: 250px;\"><a href=\"https:\/\/www.icarspa.it\/auto\/usate\/latina\/\" aria-label=\"banner aprile icar new life &#8211; auto usate latina\"><img loading=\"lazy\" decoding=\"async\" src=\"https:\/\/www.radioluna.it\/news\/wp-content\/uploads\/2026\/02\/banner-aprile-icar-new-life-auto-usate-latina.gif\" alt=\"\"  width=\"300\" height=\"250\"   \/><\/a><\/div><\/div>","protected":false},"excerpt":{"rendered":"<p>LATINA -Il mare \u00e8 oro blu di cui il Lazio abbonda. Solo per la provincia di Latina pensiamo al litorale che dal capoluogo si estende fino a Formia e Gaeta passando per Sabaudia e Terracina. Oppure pensiamo a quelle isole che l\u2019Italia intera ci invidia come Ponza, Palmarola o Ventotene. Ecco perch\u00e9 ritengo straordinariamente azzeccata [&hellip;]<\/p>\n","protected":false},"author":60,"featured_media":299363,"comment_status":"open","ping_status":"open","sticky":false,"template":"","format":"standard","meta":{"footnotes":""},"categories":[8],"tags":[],"class_list":["post-325046","post","type-post","status-publish","format-standard","has-post-thumbnail","hentry","category-politica"],"_links":{"self":[{"href":"https:\/\/www.radioluna.it\/news\/wp-json\/wp\/v2\/posts\/325046","targetHints":{"allow":["GET"]}}],"collection":[{"href":"https:\/\/www.radioluna.it\/news\/wp-json\/wp\/v2\/posts"}],"about":[{"href":"https:\/\/www.radioluna.it\/news\/wp-json\/wp\/v2\/types\/post"}],"author":[{"embeddable":true,"href":"https:\/\/www.radioluna.it\/news\/wp-json\/wp\/v2\/users\/60"}],"replies":[{"embeddable":true,"href":"https:\/\/www.radioluna.it\/news\/wp-json\/wp\/v2\/comments?post=325046"}],"version-history":[{"count":0,"href":"https:\/\/www.radioluna.it\/news\/wp-json\/wp\/v2\/posts\/325046\/revisions"}],"wp:featuredmedia":[{"embeddable":true,"href":"https:\/\/www.radioluna.it\/news\/wp-json\/wp\/v2\/media\/299363"}],"wp:attachment":[{"href":"https:\/\/www.radioluna.it\/news\/wp-json\/wp\/v2\/media?parent=325046"}],"wp:term":[{"taxonomy":"category","embeddable":true,"href":"https:\/\/www.radioluna.it\/news\/wp-json\/wp\/v2\/categories?post=325046"},{"taxonomy":"post_tag","embeddable":true,"href":"https:\/\/www.radioluna.it\/news\/wp-json\/wp\/v2\/tags?post=325046"}],"curies":[{"name":"wp","href":"https:\/\/api.w.org\/{rel}","templated":true}]}}