{"id":325071,"date":"2023-02-06T15:48:20","date_gmt":"2023-02-06T14:48:20","guid":{"rendered":"https:\/\/www.radioluna.it\/news\/?p=325071"},"modified":"2023-02-06T16:01:18","modified_gmt":"2023-02-06T15:01:18","slug":"lazio-damato-al-mof-per-costruire-il-futuro-insieme-agli-operatori","status":"publish","type":"post","link":"https:\/\/www.radioluna.it\/news\/2023\/02\/lazio-damato-al-mof-per-costruire-il-futuro-insieme-agli-operatori\/","title":{"rendered":"Lazio, D&#8217;Amato: &#8220;Al Mof per costruire il futuro insieme agli operatori&#8221;"},"content":{"rendered":"<div id=\"fb-root\"><\/div>\n<p style=\"text-align: justify;\"><strong>LAZIO &#8211;<\/strong> &#8220;Continua il mio impegno d&#8217;ascolto delle realt\u00e0 imprenditoriali di primo piano nel Lazio: oggi sono stato al Centro Agroalimentare all\u2019Ingrosso di Fondi \u2013 MOF, nel giorno in cui sono pubblicati i dati dell&#8217;export: +11.7% del distretto pontino e 162 milioni di fattura dal mercato estero. Il Mof compete con il grande mercato di Parigi ed \u00e8 una delle piattaforme logistiche pi\u00f9 importanti d Europa. Grazie all&#8217;impegno della Regione e di Alessandra Sartore si \u00e8 chiuso un lungo contenzioso che rischiava di mandare in default il MOF. Oggi si guarda al futuro con gli investimenti del PNRR missione 2, con il bando nazionale della logistica dove il MOF \u00e8 arrivato terzo in Italia. Nel mio programma ho inserito tre interventi che ho illustrato oggi per quanto riguarda la mobilit\u00e0 da finanziare con i fondi di sviluppo e coesione: la Fondi Ceprano con 50 mln, la Formia Cassino con 250 mln e i porti di Formia e Gaeta con 15 mln. Strategico \u00e8 il tema dell&#8217;energia al MOF \u00e8 previsto l&#8217;impianto fotovoltaico pi\u00f9 importante di 16 gigawatt. Infine due aspetti importanti il sostegno ai giovani imprenditori e all\u2019imprenditoria femminile. Il secondo aprire un dossier per l&#8217;accesso delle merci via mare sar\u00e0 la priorit\u00e0 del nuovo assessorato all&#8217;economia del mare&#8221;.<\/p>\n<p>Lo dichiara Alessio D&#8217;Amato candidato alla presidenza della Regione Lazio.<\/p>\n<div class=\"radio-posizionamento-telefono-in-articoli-dopo-il-contenuto-articolo radio-entity-placement\" id=\"radio-2950268701\"><div id=\"radio-3487553890\"><a href=\"https:\/\/www.simeoneceramiche.com\/\" aria-label=\"SIMEONE CERAMICHE GIF animata per radioluna_Tavola disegno 1 copia 2 (online-video-cutter.com)\"><img loading=\"lazy\" decoding=\"async\" src=\"https:\/\/www.radioluna.it\/news\/wp-content\/uploads\/2025\/05\/SIMEONE-CERAMICHE-GIF-animata-per-radioluna_Tavola-disegno-1-copia-2-online-video-cutter.com_.gif\" alt=\"\"  width=\"300\" height=\"250\"   \/><\/a><\/div><\/div>","protected":false},"excerpt":{"rendered":"<p>LAZIO &#8211; &#8220;Continua il mio impegno d&#8217;ascolto delle realt\u00e0 imprenditoriali di primo piano nel Lazio: oggi sono stato al Centro Agroalimentare all\u2019Ingrosso di Fondi \u2013 MOF, nel giorno in cui sono pubblicati i dati dell&#8217;export: +11.7% del distretto pontino e 162 milioni di fattura dal mercato estero. Il Mof compete con il grande mercato di [&hellip;]<\/p>\n","protected":false},"author":60,"featured_media":317125,"comment_status":"open","ping_status":"open","sticky":false,"template":"","format":"standard","meta":{"footnotes":""},"categories":[8],"tags":[],"class_list":["post-325071","post","type-post","status-publish","format-standard","has-post-thumbnail","hentry","category-politica"],"_links":{"self":[{"href":"https:\/\/www.radioluna.it\/news\/wp-json\/wp\/v2\/posts\/325071","targetHints":{"allow":["GET"]}}],"collection":[{"href":"https:\/\/www.radioluna.it\/news\/wp-json\/wp\/v2\/posts"}],"about":[{"href":"https:\/\/www.radioluna.it\/news\/wp-json\/wp\/v2\/types\/post"}],"author":[{"embeddable":true,"href":"https:\/\/www.radioluna.it\/news\/wp-json\/wp\/v2\/users\/60"}],"replies":[{"embeddable":true,"href":"https:\/\/www.radioluna.it\/news\/wp-json\/wp\/v2\/comments?post=325071"}],"version-history":[{"count":0,"href":"https:\/\/www.radioluna.it\/news\/wp-json\/wp\/v2\/posts\/325071\/revisions"}],"wp:featuredmedia":[{"embeddable":true,"href":"https:\/\/www.radioluna.it\/news\/wp-json\/wp\/v2\/media\/317125"}],"wp:attachment":[{"href":"https:\/\/www.radioluna.it\/news\/wp-json\/wp\/v2\/media?parent=325071"}],"wp:term":[{"taxonomy":"category","embeddable":true,"href":"https:\/\/www.radioluna.it\/news\/wp-json\/wp\/v2\/categories?post=325071"},{"taxonomy":"post_tag","embeddable":true,"href":"https:\/\/www.radioluna.it\/news\/wp-json\/wp\/v2\/tags?post=325071"}],"curies":[{"name":"wp","href":"https:\/\/api.w.org\/{rel}","templated":true}]}}