{"id":325073,"date":"2023-02-06T16:14:37","date_gmt":"2023-02-06T15:14:37","guid":{"rendered":"https:\/\/www.radioluna.it\/news\/?p=325073"},"modified":"2023-02-06T16:14:37","modified_gmt":"2023-02-06T15:14:37","slug":"il-sottosegretario-delmastro-in-visita-al-carcere-circondariale-di-latina","status":"publish","type":"post","link":"https:\/\/www.radioluna.it\/news\/2023\/02\/il-sottosegretario-delmastro-in-visita-al-carcere-circondariale-di-latina\/","title":{"rendered":"Il sottosegretario Delmastro in visita al carcere circondariale di Latina"},"content":{"rendered":"<div id=\"fb-root\"><\/div>\n<p style=\"text-align: justify;\"><strong>LATINA &#8211;<\/strong> Andrea Delmastro delle Vedove, sottosegretario alla Giustizia del Governo Meloni, sar\u00e0 a Latina mercoled\u00ec 8 febbraio prossimo per una visita al carcere circondariale della citt\u00e0.\u00a0Alle ore 11.00, dopo l\u2019incontro con i vertici del carcere di Latina e il sopralluogo nella struttura di via Aspromonte, il sottosegretario parteciper\u00e0 a una conferenza stampa che si terr\u00e0 nella federazione Provinciale di Fratelli d\u2019Italia (in via Don Morosini,1). Per l\u2019occasione sar\u00e0 presente anche il coordinatore provinciale e presidente della V commissione Bilancio, il Senatore Nicola Calandrini.<\/p>\n<p style=\"text-align: justify;\">&#8220;Abbiamo chiesto questa visita &#8211; afferma il senatore Nicola Calandrini &#8211; per incontrare la dirigenza del carcere e verificare le condizioni di vita e di lavoro degli agenti di polizia penitenziaria e di tutto il personale operante nella struttura. Il carcere di Latina soffre di problemi di sovraffollamento, si trova all\u2019interno dell&#8217;area urbana della citt\u00e0 e ospita una sezione di massima sicurezza femminile. Con questa visita vogliamo concretamente determinare tutte quelle azioni necessarie per dare finalmente risposta a tutte quelle questioni rimaste inevase negli anni e che riguardano le condizioni di lavoro degli agenti e le esigenze di sicurezza che riguardano tutti gli operatori e l\u2019intera cittadinanza\u201d<\/p>\n<div class=\"radio-posizionamento-telefono-in-articoli-dopo-il-contenuto-articolo radio-entity-placement\" id=\"radio-1263610130\"><div id=\"radio-1591292178\" style=\"width: 300px;height: 250px;\"><a href=\"https:\/\/www.icarspa.it\/auto\/usate\/latina\/\" aria-label=\"banner aprile icar new life &#8211; auto usate latina\"><img loading=\"lazy\" decoding=\"async\" src=\"https:\/\/www.radioluna.it\/news\/wp-content\/uploads\/2026\/02\/banner-aprile-icar-new-life-auto-usate-latina.gif\" alt=\"\"  width=\"300\" height=\"250\"   \/><\/a><\/div><\/div>","protected":false},"excerpt":{"rendered":"<p>LATINA &#8211; Andrea Delmastro delle Vedove, sottosegretario alla Giustizia del Governo Meloni, sar\u00e0 a Latina mercoled\u00ec 8 febbraio prossimo per una visita al carcere circondariale della citt\u00e0.\u00a0Alle ore 11.00, dopo l\u2019incontro con i vertici del carcere di Latina e il sopralluogo nella struttura di via Aspromonte, il sottosegretario parteciper\u00e0 a una conferenza stampa che si [&hellip;]<\/p>\n","protected":false},"author":60,"featured_media":188680,"comment_status":"open","ping_status":"open","sticky":false,"template":"","format":"standard","meta":{"footnotes":""},"categories":[8],"tags":[],"class_list":["post-325073","post","type-post","status-publish","format-standard","has-post-thumbnail","hentry","category-politica"],"_links":{"self":[{"href":"https:\/\/www.radioluna.it\/news\/wp-json\/wp\/v2\/posts\/325073","targetHints":{"allow":["GET"]}}],"collection":[{"href":"https:\/\/www.radioluna.it\/news\/wp-json\/wp\/v2\/posts"}],"about":[{"href":"https:\/\/www.radioluna.it\/news\/wp-json\/wp\/v2\/types\/post"}],"author":[{"embeddable":true,"href":"https:\/\/www.radioluna.it\/news\/wp-json\/wp\/v2\/users\/60"}],"replies":[{"embeddable":true,"href":"https:\/\/www.radioluna.it\/news\/wp-json\/wp\/v2\/comments?post=325073"}],"version-history":[{"count":0,"href":"https:\/\/www.radioluna.it\/news\/wp-json\/wp\/v2\/posts\/325073\/revisions"}],"wp:featuredmedia":[{"embeddable":true,"href":"https:\/\/www.radioluna.it\/news\/wp-json\/wp\/v2\/media\/188680"}],"wp:attachment":[{"href":"https:\/\/www.radioluna.it\/news\/wp-json\/wp\/v2\/media?parent=325073"}],"wp:term":[{"taxonomy":"category","embeddable":true,"href":"https:\/\/www.radioluna.it\/news\/wp-json\/wp\/v2\/categories?post=325073"},{"taxonomy":"post_tag","embeddable":true,"href":"https:\/\/www.radioluna.it\/news\/wp-json\/wp\/v2\/tags?post=325073"}],"curies":[{"name":"wp","href":"https:\/\/api.w.org\/{rel}","templated":true}]}}