{"id":325177,"date":"2023-02-10T11:02:19","date_gmt":"2023-02-10T10:02:19","guid":{"rendered":"https:\/\/www.radioluna.it\/news\/?p=325177"},"modified":"2023-02-10T11:02:19","modified_gmt":"2023-02-10T10:02:19","slug":"cassetta-le-priorita-della-regione-dovranno-essere-i-temi-sociali","status":"publish","type":"post","link":"https:\/\/www.radioluna.it\/news\/2023\/02\/cassetta-le-priorita-della-regione-dovranno-essere-i-temi-sociali\/","title":{"rendered":"Cassetta: &#8220;Le priorit\u00e0 della Regione dovranno essere i temi sociali&#8221;"},"content":{"rendered":"<div id=\"fb-root\"><\/div>\n<p>\u201cNei prossimi mesi e anni le priorit\u00e0 della Regione dovranno essere i temi sociali. Costruiremo insieme fortezze strutturali e ideali e, nel farlo, cementificheremo rapporti continui e costanti, perch\u00e8 se c&#8217;\u00e8 una lezione che ho appreso con certezza \u00e8 che, prima di tutto, vengono le persone. Sono loro le &#8216;fondamenta&#8217; di qualsiasi progettualit\u00e0 ed \u00e8 il loro benessere l&#8217;obiettivo delle stesse che deve starci davvero a cuore\u201d &#8211; \u00e8 con questo trasporto che la candidata del Partito Democratico al Consiglio regionale del Lazio, Carmela Cassetta, si avvia alla tappa culminante del 12 e 13 febbraio di questa tornata elettorale.<\/p>\n<p>\u201cE&#8217; difficile ammetterlo chiaramente, ma la verit\u00e0 \u00e8 che le persone sono in difficolt\u00e0 e abbiamo il dovere di intervenire. Sono una di pi\u00f9, e so che ci sono donne troppo spesso lasciate sole e preda di una cultura misogena; giovani troppo spesso senza punti di riferimento e con una politica che, il pi\u00f9 delle volte, non gli dedica lo spazio e le possibilit\u00e0 che meritano; anziani privati del diritto di curarsi senza affanni; uomini umiliati da un diritto al lavoro usurpato, che ne lega la dignit\u00e0. La societ\u00e0 soffre in spaccati come questi e non solo, ma possiamo e dobbiamo riscattarla!\u201d- afferma con passione e pragmatismo la Cassetta.<\/p>\n<p>\u201cPer questo, vi prometto di lavorare a risposte concrete come la figura dello psicologo di base per le famiglie; come il reddito di formazione per gli studenti e non solo; come gli investimenti sulle Case delle Salute e la riduzione drastica delle liste d&#8217;attesa. Lavorer\u00f2 affinch\u00e8 nascano infrastrutture che allarghino e arricchiscano l&#8217;indotto economico, turistico, quindi professionale; ai &#8216;green jobs&#8217;; alla cultura e tutto il comparto delle PMI che ruotano attorno ad essa\u201d.<\/p>\n","protected":false},"excerpt":{"rendered":"<p>\u201cNei prossimi mesi e anni le priorit\u00e0 della Regione dovranno essere i temi sociali. Costruiremo insieme fortezze strutturali e ideali e, nel farlo, cementificheremo rapporti continui e costanti, perch\u00e8 se c&#8217;\u00e8 una lezione che ho appreso con certezza \u00e8 che, prima di tutto, vengono le persone. Sono loro le &#8216;fondamenta&#8217; di qualsiasi progettualit\u00e0 ed \u00e8 [&hellip;]<\/p>\n","protected":false},"author":60,"featured_media":0,"comment_status":"open","ping_status":"open","sticky":false,"template":"","format":"standard","meta":{"footnotes":""},"categories":[8],"tags":[],"class_list":["post-325177","post","type-post","status-publish","format-standard","hentry","category-politica"],"_links":{"self":[{"href":"https:\/\/www.radioluna.it\/news\/wp-json\/wp\/v2\/posts\/325177","targetHints":{"allow":["GET"]}}],"collection":[{"href":"https:\/\/www.radioluna.it\/news\/wp-json\/wp\/v2\/posts"}],"about":[{"href":"https:\/\/www.radioluna.it\/news\/wp-json\/wp\/v2\/types\/post"}],"author":[{"embeddable":true,"href":"https:\/\/www.radioluna.it\/news\/wp-json\/wp\/v2\/users\/60"}],"replies":[{"embeddable":true,"href":"https:\/\/www.radioluna.it\/news\/wp-json\/wp\/v2\/comments?post=325177"}],"version-history":[{"count":0,"href":"https:\/\/www.radioluna.it\/news\/wp-json\/wp\/v2\/posts\/325177\/revisions"}],"wp:attachment":[{"href":"https:\/\/www.radioluna.it\/news\/wp-json\/wp\/v2\/media?parent=325177"}],"wp:term":[{"taxonomy":"category","embeddable":true,"href":"https:\/\/www.radioluna.it\/news\/wp-json\/wp\/v2\/categories?post=325177"},{"taxonomy":"post_tag","embeddable":true,"href":"https:\/\/www.radioluna.it\/news\/wp-json\/wp\/v2\/tags?post=325177"}],"curies":[{"name":"wp","href":"https:\/\/api.w.org\/{rel}","templated":true}]}}