{"id":325536,"date":"2023-02-23T10:27:11","date_gmt":"2023-02-23T09:27:11","guid":{"rendered":"https:\/\/www.radioluna.it\/news\/?p=325536"},"modified":"2023-03-23T14:56:37","modified_gmt":"2023-03-23T13:56:37","slug":"il-parco-ausoni-per-la-giornata-dei-cippi-di-confine","status":"publish","type":"post","link":"https:\/\/www.radioluna.it\/news\/2023\/02\/il-parco-ausoni-per-la-giornata-dei-cippi-di-confine\/","title":{"rendered":"Il Parco Ausoni per la \u201cGiornata dei Cippi di confine\u201d"},"content":{"rendered":"<div id=\"fb-root\"><\/div>\n<p style=\"text-align: justify;\">FONDI &#8211; Il Parco Naturale Regionale Monti Ausoni e Lago di Fondi organizza due eventi per celebrare la \u201cGiornata dei Cippi di confine\u201d: \u201cTerminalia \u2013 La Festa dei Cippi\u201d che si terr\u00e0 a Sonnino sabato e \u201cI sei Cippi e del due vette\u201d in programma a Monte San Biagio domenica.<\/p>\n<p style=\"text-align: justify;\">Le iniziative saranno anche l\u2019occasione per evidenziare l\u2019impegno dell\u2019Ente Parco sulla sentieristica. Infatti, recentemente la Regione Lazio, ha stanziato importanti risorse per il restauro, rifacimento e l\u2019ammodernamento della rete di percorsi e della segnaletica dedicata ai sentieri. Questo per venire incontro e offrire un servizio ottimale nei confronti del crescente numero di appassionanti dell\u2019escursionismo sui nostri monti e non solo.<\/p>\n<p style=\"text-align: justify;\">L\u2019Ente Parco Monti Ausoni e Lago di Fondi sta da tempo lavorando sul progetto inerente alla sentieristica. Diverse azioni sono state gi\u00e0 messe in campo e a trarne vantaggio sar\u00e0 la qualit\u00e0 di vita dei residenti e dei tanti fruitori nel segno del: \u201cParchi sani, vita sana\u201d. In questo impegno, sar\u00e0 indispensabile l\u2019apporto e il coinvolgimento dei portatori di interessi, tra questi quello dell\u2019associazionismo.<\/p>\n<p style=\"text-align: justify;\">\n<p style=\"text-align: justify;\">Anche con questo sentimento e passione, per il terzo anno consecutivo, l\u2019Associazione Brigante Antonio Gasbarrone di Sonnino celebra \u201cl\u2019antico confine\u201d; quest\u2019anno la commemorazione avverr\u00e0 sabato 25 febbraio su Monte Ceraso (mt 824 s.l.m.) nei Monti Ausoni dove svetta il Cippo papalino\\borbonico N\u00b0 25 con l\u2019evento pubblico: \u201cTerminalia \u2013 La Festa dei Cippi\u201d.<\/p>\n<p style=\"text-align: justify;\">I Terminalia erano un&#8217;antica festivit\u00e0 religiosa romana dedicata al dio Termine (in latino Terminus), che proteggeva i confini, i festeggiamenti a lui dedicati avvenivano alla fine di febbraio, ecco dunque la scelta di fissare a fine febbraio la festa dei cippi.<\/p>\n<p style=\"text-align: justify;\">Nell\u2019evento del 25 febbraio il programma prevede il raduno dei partecipanti dalle ore 8.00 in P.zza Garibaldi a Sonnino, partenza alle ore 9.00 per il sentiero S1 \u201cGasbarrone il masnadiero\u201d (Anello Rifugio La Cona \u2013 Monte Ceraso \u2013 Rifugio Gasperone ) Lunghezza totale Km 4,07.<\/p>\n<p style=\"text-align: justify;\">Dal Ponte dei Ladri tratto in salita fino al rifugio montano La Cona, si risale poi verso la cima di Monte Ceraso (824 mt s.l.m.) dove si trova il Cippo di confine papalino\\borbonico N\u00b0 25, lo Skyline ed il monumento del brigante Antonio Gasbarrone alias Gasperone, l\u00ec si terr\u00e0 la commemorazione dei Cippi di confine con deposizione di una corona d\u2019alloro e la narrazione della storia dei Cippi e del confine.<\/p>\n<p style=\"text-align: justify;\">Successivamente si riscende verso il rifugio Gasperone, dove si terr\u00e0 la parte conviviale con una braciata collettiva per l\u2019ora di pranzo. \u00a0L&#8217;associazione ha predisposto dei punti fuoco con griglie per la cottura dei cibi, ognuno porta la sua carne, per il resto quello che si ha nello zaino si condivide in amicizia. Le note di una musica popolare allieter\u00e0 l\u2019atmosfera, il rientro in paese \u00e8 previsto per le ore 16.00. Come in ogni evento i briganti indosseranno gli abiti d\u2019epoca e si udiranno le schioppettate delle loro avancariche. Raccomandazioni: portare acqua sufficiente, abbigliamento adeguato, K-way, consigliati bastoncini da trekking.<\/p>\n<p style=\"text-align: justify;\">Per informazioni: Associazione Brigante Antonio Gasbarrone Cell.: 327 3432844.<\/p>\n<p style=\"text-align: justify;\">Altra bella iniziativa quella organizzata dall&#8217;ASD \u201cSvalvolati into the wild\u201d di Terracina e \u201cI Transumanti\u201d che si svolger\u00e0 domenica 26 febbraio 2023 per la Giornata dei Cippi di confine.<\/p>\n<p style=\"text-align: justify;\">Per questo evento denominato: \u201cI sei Cippi e del due vette\u201d appuntamento \u00e8 alle ore 08,00 presso la Vetica, a Monte San Biagio LT. Saranno 10 i km di cammino, per un dislivello di 600 mt. Il rientro alle ore 14,30 circa.<\/p>\n<p style=\"text-align: justify;\">Momento culminante della giornata sar\u00e0 l&#8217;arrivo sulla panoramica vetta del Monte Tavanese, croce dei Transumanti, sul quale saranno riposizionate le bandierine himalayane che lo connotano. Dalla Vetica si arriver\u00e0 quindi alla fontana del Crapio e da qui passando per la capanna del Gobbo ed il sentiero dei Vallecorsani, Alta via dei Monti Ausoni, si raggiunger\u00e0 la Serra dei Conti (cippo 28), si continua per Serra Cisterna Mareccia (cippo 27) fino ad arrivare a Monte Cavallo (cippo 26), mt 772, da qui si ritorna sul sentiero delle Torce arrivando alla base di Monte di Mezzo da cui si proceder\u00e0 per raggiungere la vetta del Monte Tavanese, 944 mt e poi scendere dalla parte opposta incontrando i cippi 32 e 31. Tempo totale dell&#8217;escursione 5 h. e 30 minuti.<\/p>\n<p>Per informazioni ulteriori: Info@svalvolatiterracina.it<\/p>\n<p>&nbsp;<\/p>\n<div class=\"radio-posizionamento-telefono-in-articoli-dopo-il-contenuto-articolo radio-entity-placement\" id=\"radio-2390389439\"><div id=\"radio-2876015343\"><a href=\"https:\/\/www.simeoneceramiche.com\/\" aria-label=\"SIMEONE CERAMICHE GIF animata per radioluna_Tavola disegno 1 copia 2 (online-video-cutter.com)\"><img loading=\"lazy\" decoding=\"async\" src=\"https:\/\/www.radioluna.it\/news\/wp-content\/uploads\/2025\/05\/SIMEONE-CERAMICHE-GIF-animata-per-radioluna_Tavola-disegno-1-copia-2-online-video-cutter.com_.gif\" alt=\"\"  width=\"300\" height=\"250\"   \/><\/a><\/div><\/div>","protected":false},"excerpt":{"rendered":"<p>FONDI &#8211; Il Parco Naturale Regionale Monti Ausoni e Lago di Fondi organizza due eventi per celebrare la \u201cGiornata dei Cippi di confine\u201d: \u201cTerminalia \u2013 La Festa dei Cippi\u201d che si terr\u00e0 a Sonnino sabato e \u201cI sei Cippi e del due vette\u201d in programma a Monte San Biagio domenica. Le iniziative saranno anche l\u2019occasione [&hellip;]<\/p>\n","protected":false},"author":60,"featured_media":320016,"comment_status":"open","ping_status":"open","sticky":false,"template":"","format":"standard","meta":{"footnotes":""},"categories":[16],"tags":[],"class_list":["post-325536","post","type-post","status-publish","format-standard","has-post-thumbnail","hentry","category-appuntamenti"],"_links":{"self":[{"href":"https:\/\/www.radioluna.it\/news\/wp-json\/wp\/v2\/posts\/325536","targetHints":{"allow":["GET"]}}],"collection":[{"href":"https:\/\/www.radioluna.it\/news\/wp-json\/wp\/v2\/posts"}],"about":[{"href":"https:\/\/www.radioluna.it\/news\/wp-json\/wp\/v2\/types\/post"}],"author":[{"embeddable":true,"href":"https:\/\/www.radioluna.it\/news\/wp-json\/wp\/v2\/users\/60"}],"replies":[{"embeddable":true,"href":"https:\/\/www.radioluna.it\/news\/wp-json\/wp\/v2\/comments?post=325536"}],"version-history":[{"count":0,"href":"https:\/\/www.radioluna.it\/news\/wp-json\/wp\/v2\/posts\/325536\/revisions"}],"wp:featuredmedia":[{"embeddable":true,"href":"https:\/\/www.radioluna.it\/news\/wp-json\/wp\/v2\/media\/320016"}],"wp:attachment":[{"href":"https:\/\/www.radioluna.it\/news\/wp-json\/wp\/v2\/media?parent=325536"}],"wp:term":[{"taxonomy":"category","embeddable":true,"href":"https:\/\/www.radioluna.it\/news\/wp-json\/wp\/v2\/categories?post=325536"},{"taxonomy":"post_tag","embeddable":true,"href":"https:\/\/www.radioluna.it\/news\/wp-json\/wp\/v2\/tags?post=325536"}],"curies":[{"name":"wp","href":"https:\/\/api.w.org\/{rel}","templated":true}]}}