{"id":325677,"date":"2023-03-01T07:34:45","date_gmt":"2023-03-01T06:34:45","guid":{"rendered":"https:\/\/www.radioluna.it\/news\/?p=325677"},"modified":"2023-03-01T07:34:45","modified_gmt":"2023-03-01T06:34:45","slug":"stagione-estiva-alle-porte-fdi-incontra-il-commissario-valente","status":"publish","type":"post","link":"https:\/\/www.radioluna.it\/news\/2023\/03\/stagione-estiva-alle-porte-fdi-incontra-il-commissario-valente\/","title":{"rendered":"Stagione estiva alle porte, FdI incontra il commissario Valente"},"content":{"rendered":"<div id=\"fb-root\"><\/div>\n<p>LATINA &#8211; Una delegazione di Fratelli d\u2019Italia guidata dal senatore Nicola Calandrini, coordinatore provinciale di FdI, composta da Michele Nasso, commissario comunale del partito, e dal responsabile per l\u2019ambiente Vincenzo Borrelli, ha incontrato il commissario del Comune di Latina, Carmine Valente.<\/p>\n<p>L\u2019incontro era stato sollecitato per affrontare il nodo dell\u2019avvio della stagione estiva ormai imminente. In particolare gli esponenti di Fratelli d\u2019Italia hanno espresso la preoccupazione del doppio effetto sull\u2019accesso al mare, dalla perdurante chiusura del ponte sul canale Moscarello e della utilizzabilit\u00e0 solo parziale del tratto di strada tra Rio Martino e Capo Portiere per i crolli avvenuti in 10 punti sulla duna.<\/p>\n<p>Il commissario ha spiegato le linee di intervento adottate, tra queste un intervento (coordinato con Parco nazionale del Circeo e Regione Lazio) per la messa in sicurezza dell\u2019area per un importo di 800 mila euro. Stante per\u00f2 l\u2019urgenza di interventi per evitare il blocco della possibilit\u00e0 di accedere al mare, il Commissario ha ipotizzato anche un intervento ponte di somma urgenza, con importi inferiori, ma in grado di rendere fruibile in sicurezza la viabilit\u00e0.<\/p>\n<p>\u201cAbbiamo trovato il commissario gi\u00e0 attivo sulle questioni da noi sollevate \u2013 ha spiegato il senatore Calandrini \u2013, attento ai nostri rilievi e con soluzioni operative che hanno tutto il nostro supporto. Ci siamo preoccupati \u2013 ha continuato il Senatore \u2013 di farci carico di questi problemi in ragione delle sollecitazioni dei nostri operatori economici ma anche dei cittadini di Latina che hanno nel nostro lido un punto di riferimento per il tempo libero. L\u2019economia del mare \u00e8 la forza trainante del turismo nel capoluogo\u201d<\/p>\n<p>\u201cA fronte di questo \u2013 ha concluso Calandrini \u2013 abbiamo concordato sul bisogno di interventi strutturali sulla intera fascia costiera del comune di Latina, un problema che sar\u00e0 nostro punto di forza per la campagna elettorale e per la nuova amministrazione. Comunque ringrazio il commissario per il lavoro svolto e per le rassicurazioni che escludono un blocco della attivit\u00e0 del nostro litorale\u201d<\/p>\n<p>MERCATO ANNONARIO<\/p>\n<p>La delegazione di Fdi, raccogliendo le sollecitazioni degli operatori, ha sollevato il problema del blocco di tre mesi della attivit\u00e0 del mercato annonario (oggi ospitato nei locali dell\u2019ex consorzio agrario di Latina), per lavori di adeguamento (per un importo di 200 mila euro).<\/p>\n<p>Il commissario Valente, preso atto delle esigenze esposte, ha illustrato un piano di intervento che prevede la non chiusura delle attivit\u00e0 in concomitanza con la fase esterna dei lavori e lo svolgimento degli stessi all\u2019interno per aree distinte; questo consentir\u00e0 di ridurre al minimo la necessit\u00e0 di blocchi. A breve il Commissario incontrer\u00e0 nuovamente gli operatori del mercato.<\/p>\n<p>\u201cAnche su questo punto- registra Calandrini \u2013 preso atto della disponibilit\u00e0 del commissario, la soluzione adottata porta a ridurre al minimo i disagi per le imprese che operano all\u2019interno della struttura a fronte della necessit\u00e0 e l\u2019urgenza dei lavori stessi per la fruibilit\u00e0 e sicurezza della struttura.\u201d<\/p>\n<p>&nbsp;<\/p>\n<p>&nbsp;<\/p>\n<div class=\"radio-posizionamento-telefono-in-articoli-dopo-il-contenuto-articolo radio-entity-placement\" id=\"radio-2408467110\"><div id=\"radio-2711213113\" style=\"width: 300px;height: 250px;\"><a href=\"https:\/\/www.icarspa.it\/auto\/usate\/latina\/\" aria-label=\"banner aprile icar new life &#8211; auto usate latina\"><img loading=\"lazy\" decoding=\"async\" src=\"https:\/\/www.radioluna.it\/news\/wp-content\/uploads\/2026\/02\/banner-aprile-icar-new-life-auto-usate-latina.gif\" alt=\"\"  width=\"300\" height=\"250\"   \/><\/a><\/div><\/div>","protected":false},"excerpt":{"rendered":"<p>LATINA &#8211; Una delegazione di Fratelli d\u2019Italia guidata dal senatore Nicola Calandrini, coordinatore provinciale di FdI, composta da Michele Nasso, commissario comunale del partito, e dal responsabile per l\u2019ambiente Vincenzo Borrelli, ha incontrato il commissario del Comune di Latina, Carmine Valente. L\u2019incontro era stato sollecitato per affrontare il nodo dell\u2019avvio della stagione estiva ormai imminente. [&hellip;]<\/p>\n","protected":false},"author":60,"featured_media":314444,"comment_status":"open","ping_status":"open","sticky":false,"template":"","format":"standard","meta":{"footnotes":""},"categories":[8],"tags":[],"class_list":["post-325677","post","type-post","status-publish","format-standard","has-post-thumbnail","hentry","category-politica"],"_links":{"self":[{"href":"https:\/\/www.radioluna.it\/news\/wp-json\/wp\/v2\/posts\/325677","targetHints":{"allow":["GET"]}}],"collection":[{"href":"https:\/\/www.radioluna.it\/news\/wp-json\/wp\/v2\/posts"}],"about":[{"href":"https:\/\/www.radioluna.it\/news\/wp-json\/wp\/v2\/types\/post"}],"author":[{"embeddable":true,"href":"https:\/\/www.radioluna.it\/news\/wp-json\/wp\/v2\/users\/60"}],"replies":[{"embeddable":true,"href":"https:\/\/www.radioluna.it\/news\/wp-json\/wp\/v2\/comments?post=325677"}],"version-history":[{"count":0,"href":"https:\/\/www.radioluna.it\/news\/wp-json\/wp\/v2\/posts\/325677\/revisions"}],"wp:featuredmedia":[{"embeddable":true,"href":"https:\/\/www.radioluna.it\/news\/wp-json\/wp\/v2\/media\/314444"}],"wp:attachment":[{"href":"https:\/\/www.radioluna.it\/news\/wp-json\/wp\/v2\/media?parent=325677"}],"wp:term":[{"taxonomy":"category","embeddable":true,"href":"https:\/\/www.radioluna.it\/news\/wp-json\/wp\/v2\/categories?post=325677"},{"taxonomy":"post_tag","embeddable":true,"href":"https:\/\/www.radioluna.it\/news\/wp-json\/wp\/v2\/tags?post=325677"}],"curies":[{"name":"wp","href":"https:\/\/api.w.org\/{rel}","templated":true}]}}