{"id":325840,"date":"2023-03-09T10:42:19","date_gmt":"2023-03-09T09:42:19","guid":{"rendered":"https:\/\/www.radioluna.it\/news\/?p=325840"},"modified":"2023-03-09T10:42:19","modified_gmt":"2023-03-09T09:42:19","slug":"di-cocco-latina-puo-diventare-la-citta-del-benessere-fisico-sinergia-con-associazioni-e-societa-sugli-impianti-sportivi","status":"publish","type":"post","link":"https:\/\/www.radioluna.it\/news\/2023\/03\/di-cocco-latina-puo-diventare-la-citta-del-benessere-fisico-sinergia-con-associazioni-e-societa-sugli-impianti-sportivi\/","title":{"rendered":"Di Cocco: &#8220;Latina pu\u00f2 diventare la citt\u00e0 del benessere fisico. Sinergia con associazioni e societ\u00e0 sugli impianti sportivi&#8221;"},"content":{"rendered":"<div id=\"fb-root\"><\/div>\n<p style=\"text-align: justify;\"><strong>LATINA &#8211;<\/strong> \u201cSogno una citt\u00e0 che attui politiche capaci di privilegiare salute, benessere, qualit\u00e0 di vita e quindi consentano un miglioramento ed un allungamento della vita. La salute del cittadino non pu\u00f2 prescindere dal contesto ambientale, cio\u00e8 da tutti noi, individui, famiglie, territorio, istituzioni e decisori. L\u2019attivit\u00e0 fisica e lo sport sono qualit\u00e0 della vita. A mio parere deve essere favorito l\u2019esercizio fisico nella vita di tutti i giorni, per tutte le categorie di persone e classi di et\u00e0 secondo quelle che sono le indicazione dell\u2019OMS, l&#8217;organizzazione Mondiale della Sanit\u00e0. L\u2019esercizio \u00e8 anche uno degli strumenti migliori per prevenire e curare molte patologie. In particolare il contrasto alle malattie croniche non trasmissibili, che \u00e8 al centro della strategia universale che da diversi anni l\u2019Organizzazione Mondiale della Sanit\u00e0 e molti Paesi membri (compresa l\u2019Italia) stanno realizzando, comporta piani e programmi di prevenzione e di promozione della salute attraverso la promozione di una vita sana e attiva.<br \/>\nL\u2019attivit\u00e0 fisica regolare riduce la mortalit\u00e0 per tutte le cause e quella correlata a patologie cardiovascolari del 20-30% in una modalit\u00e0 dose-dipendente nella popolazione generale, ma anche in persone con fattori di rischio coronarici e nei cardiopatici.<br \/>\nPer far questo per\u00f2 serve una svolta. Soprattutto sul piano amministrativo. Penso alla necessit\u00e0 di attivare un percorso collaborativo con tutte le associazioni disponibili, per organizzare eventi sportivi inclusivi in tutta la citt\u00e0 utilizzando anche strade e piazze come campi da gioco. Occorre valorizzare il ruolo strategico delle associazioni nella promozione della cultura dello sport, attraverso iniziative nelle scuole e proposte di patti di condivisione in tale ambito.<\/p>\n<p style=\"text-align: justify;\">In Comune bisogna iniziare una nuova stagione all\u2019insegna della programmazione. Pianificare e creare una sinergia con le societ\u00e0 sportive. Da almeno 7-8 anni non si fa nulla in questo ambito. Durante gli ultimi anni abbiamo assistito ad un esodo dello sport professionistico verso altri lidi. Pensiamo alla Top Volley che ha scelto Cisterna pur di avere un palazzetto dello sport in cui giocare. Per non parlare della Latina pallanuoto, costretta ad emigrare ad Anzio (che al contrario ha realizzato un palazzetto del nuoto) per l\u2019assenza di adeguate strutture nel capoluogo pontino. La citt\u00e0 capoluogo della seconda provincia del Lazio non \u00e8 pi\u00f9 la meta pi\u00f9 ambita del comprensorio. L\u2019assenza di programmazione della passata amministrazione comunale \u00e8 un fardello che paghiamo a caro prezzo. Ritengo urgente ricreare le condizioni per un nuovo rapporto con i club principali della citt\u00e0. Garantirgli spazi e impianti anche per riavvicinare i giovani all\u2019attivit\u00e0 sportiva.<br \/>\nOccorre quindi assicurare il diritto allo sport anche alle fasce pi\u00f9 fragili. Va perci\u00f2 valorizzata la pratica sportiva, in quanto attivit\u00e0 fisica ma anche come strumento aggregativo, formativo, relazionale, educativo, puntando all\u2019abbattimento delle barriere architettoniche o sensoriali, per permettere piena libert\u00e0 di movimento; in particolare si dovrebbe disporre quanto necessario affinch\u00e9 i bambini anche in condizione di disabilit\u00e0, possano svolgere in sicurezza attivit\u00e0 ludiche-motorie garantendo interazione e sviluppo delle facolt\u00e0 cognitive.<\/p>\n<p style=\"text-align: justify;\">Tra le iniziative che devono andare in questa direzione, penso allo stanziamento di nuove risorse per il finanziamento di giochi inclusivi da installare all\u2019interno dei parchi pubblici comunali; all\u2019acquisto o noleggio di attrezzature e mezzi di trasporto per societ\u00e0 sportive dilettantistiche che promuovono l\u2019inclusione sociale dei pi\u00f9 fragili.<br \/>\nSu questi punti intendo impegnarmi in prima persona. Mi auguro che molto presto si possa ricominciare a sognare, credere e sperare in una nuova Latina. Una citt\u00e0 che deve tornare a valorizzare lo sport e ridare spazi adeguati per il benessere di giovani, donne e anziani&#8221;.<\/p>\n<p style=\"text-align: justify;\">Lo dichiara in una nota Gianluca Di Cocco, esponente di Fratelli d\u2019Italia<\/p>\n<div class=\"radio-posizionamento-telefono-in-articoli-dopo-il-contenuto-articolo radio-entity-placement\" id=\"radio-3660194946\"><div id=\"radio-117293881\"><a href=\"https:\/\/grupporedi.it\/\" aria-label=\"Redi-Qr\"><img loading=\"lazy\" decoding=\"async\" src=\"https:\/\/www.radioluna.it\/news\/wp-content\/uploads\/2026\/03\/Redi-Qr.jpg\" alt=\"\"  srcset=\"https:\/\/www.radioluna.it\/news\/wp-content\/uploads\/2026\/03\/Redi-Qr.jpg 800w, https:\/\/www.radioluna.it\/news\/wp-content\/uploads\/2026\/03\/Redi-Qr-768x639.jpg 768w\" sizes=\"(max-width: 800px) 100vw, 800px\" width=\"300\" height=\"250\"   \/><\/a><\/div><\/div>","protected":false},"excerpt":{"rendered":"<p>LATINA &#8211; \u201cSogno una citt\u00e0 che attui politiche capaci di privilegiare salute, benessere, qualit\u00e0 di vita e quindi consentano un miglioramento ed un allungamento della vita. La salute del cittadino non pu\u00f2 prescindere dal contesto ambientale, cio\u00e8 da tutti noi, individui, famiglie, territorio, istituzioni e decisori. L\u2019attivit\u00e0 fisica e lo sport sono qualit\u00e0 della vita. [&hellip;]<\/p>\n","protected":false},"author":60,"featured_media":323358,"comment_status":"open","ping_status":"open","sticky":false,"template":"","format":"standard","meta":{"footnotes":""},"categories":[8],"tags":[],"class_list":["post-325840","post","type-post","status-publish","format-standard","has-post-thumbnail","hentry","category-politica"],"_links":{"self":[{"href":"https:\/\/www.radioluna.it\/news\/wp-json\/wp\/v2\/posts\/325840","targetHints":{"allow":["GET"]}}],"collection":[{"href":"https:\/\/www.radioluna.it\/news\/wp-json\/wp\/v2\/posts"}],"about":[{"href":"https:\/\/www.radioluna.it\/news\/wp-json\/wp\/v2\/types\/post"}],"author":[{"embeddable":true,"href":"https:\/\/www.radioluna.it\/news\/wp-json\/wp\/v2\/users\/60"}],"replies":[{"embeddable":true,"href":"https:\/\/www.radioluna.it\/news\/wp-json\/wp\/v2\/comments?post=325840"}],"version-history":[{"count":0,"href":"https:\/\/www.radioluna.it\/news\/wp-json\/wp\/v2\/posts\/325840\/revisions"}],"wp:featuredmedia":[{"embeddable":true,"href":"https:\/\/www.radioluna.it\/news\/wp-json\/wp\/v2\/media\/323358"}],"wp:attachment":[{"href":"https:\/\/www.radioluna.it\/news\/wp-json\/wp\/v2\/media?parent=325840"}],"wp:term":[{"taxonomy":"category","embeddable":true,"href":"https:\/\/www.radioluna.it\/news\/wp-json\/wp\/v2\/categories?post=325840"},{"taxonomy":"post_tag","embeddable":true,"href":"https:\/\/www.radioluna.it\/news\/wp-json\/wp\/v2\/tags?post=325840"}],"curies":[{"name":"wp","href":"https:\/\/api.w.org\/{rel}","templated":true}]}}