{"id":325842,"date":"2023-03-09T10:49:39","date_gmt":"2023-03-09T09:49:39","guid":{"rendered":"https:\/\/www.radioluna.it\/news\/?p=325842"},"modified":"2023-03-09T10:49:39","modified_gmt":"2023-03-09T09:49:39","slug":"accesso-ai-disabili-in-spiaggia-a-latina-muzio-incontra-il-commissario-valenze","status":"publish","type":"post","link":"https:\/\/www.radioluna.it\/news\/2023\/03\/accesso-ai-disabili-in-spiaggia-a-latina-muzio-incontra-il-commissario-valenze\/","title":{"rendered":"Accesso ai disabili in spiaggia a Latina, Muzio incontra il Commissario Valenze"},"content":{"rendered":"<div id=\"fb-root\"><\/div>\n<p style=\"text-align: justify;\">Un incontro durato due ore quello che si \u00e8 svolto in Comune a Latina tra il Commissario Prefettizio Carmine Valente, e una delegazione di Fare Latina tra cui Annalisa Muzio.\u00a0Presenti anche i Dirigenti dei settori Ambiente, Urbanistica e Viabilit\u00e0 del Comune di Latina con i quali si sono affrontati diversi temi tra cui le passerelle disabili al mare, lo sfalcio dell\u2019erba in alcune zone di ingresso alla citt\u00e0, ma anche parchi e borghi.<\/p>\n<p style=\"text-align: justify;\">\u201cE\u2019 sempre un piacere confrontarsi con il Prefetto Valente \u2013 afferma l\u2019avv. Muzio \u2013 che, anche in questo caso, dimostra di avere grandi abilit\u00e0 di amministratore e a cui va dato atto di avere preso in mano una situazione drammatica riuscendo, comunque, a fare cose che non erano state fatte in pi\u00f9 di dieci anni dalla politica. Abbiamo condiviso una visione di sviluppo della citt\u00e0 mettendo sul tavolo tutta una serie di proposte alcune delle quali prontamente messe in agenda dal Commissario anche grazie alla presenza dei Dirigenti comunali che stanno svolgendo un lavoro minuzioso per colmare vuoti amministrativi che si sono accumulati in anni di mala gestione. Una su tutte \u2013 continua Annalisa Muzio \u2013 oggi abbiamo scoperto che Latina non ha un Piano del Verde. Tra le nostre richieste pi\u00f9 urgenti, senza dubbio, l\u2019installazione delle passerelle per l\u2019accesso in spiaggia dei disabili. Quello accaduto un anno fa \u2013 ricorda l\u2019avv. Muzio \u2013 quando le passerelle disabili vennero installate a luglio e in maniera quanto mai approssimativa non deve accadere di nuovo. Ecco perch\u00e9, ieri, abbiamo lungamente discusso di questo tema ricevendo, sia dal Commissario che dai dirigenti di settore, rassicurazioni sul fatto che gi\u00e0 i primi di aprile inizier\u00e0 la manutenzione delle 28 discese a mare di legno, quelle fisse che ogni inizio stagione hanno bisogno di un\u2019attenta manutenzione, e a seguire verranno installate quelle blu adibite al passaggio dei disabili anche in carrozzina. Entro due settimane il comune ci far\u00e0 sapere se sar\u00e0 possibile installare tutte le discese previste (3 sul lato sinistro e 2 su quello destro che andranno ad aggiungersi a quelle installate ogni anno dagli stabilimenti privati). Ovviamente il tutto avverr\u00e0 abbondantemente entro il mese di maggio in concomitanza con l\u2019inizio della stagione balneare. Ci siamo, inoltre, assicurati \u2013 spiega ancora l\u2019avv. Muzio \u2013 dell\u2019accessibilit\u00e0 anche a bagni e docce disabili che, lo scorso anno, non erano raggiungibili in autonomia. Abbiamo, poi, sollecitato l\u2019avvio di collaborazioni tra pubblico e privato sia per l\u2019installazione di qualche passerelle disabili in pi\u00f9 che per la gestione di alcuni spazi verdi sul lungomare che potrebbero essere gestiti dai commercianti della zona cos\u00ec come previsto anche dall\u2019art. 20 degli appalti. Siamo gi\u00e0 pronti \u2013 assicura Annalisa Muzio \u2013 a formare comitati di commercianti e cittadini che stiamo mettendo in contatto con gli uffici competenti per avviare alcune azioni in questo senso cos\u00ec come ci \u00e8 stato pi\u00f9 volte richiesto durante il tour dei borghi che Fare Latina ha organizzato negli scorsi mesi.\u00a0 Massima attenzione \u2013 prosegue Annalisa Muzio \u2013 anche per la questione del lungomare che va da Capoportiere a Rio Martino, attualmente chiuso in un senso di marcia per il crollo di una parte della strada. Il Commissario, infatti \u2013 aggiunge la Muzio \u2013 ci ha assicurato che, entro l\u2019inizio della stagione balneare, il lungomare verr\u00e0 riaperto, grazie a lavori di ripristino che prenderanno il via gi\u00e0 nelle prossime settimane. Sappiamo che il Commissario Prefettizio rester\u00e0 in carica ancora poche settimane e che il prossimo sindaco \u2013 aggiunge la Muzio \u2013 trover\u00e0 una situazione critica per quanto riguarda il bilancio con debiti residui per almeno i prossimi quattro anni; ecco perch\u00e9, come ripeto ormai da tempo, c\u2019\u00e8 bisogno pi\u00f9 che mai di attuare una seria programmazione, a breve e lungo termine, per potere avere una visione di citt\u00e0 si cui lavorare. Tutti i partiti e i movimenti civici hanno un compito importante: creare un programma di governo puntuale e realizzabile\u00a0 e poi scegliere un candidato sindaco con una squadra coesa e determinata che assicuri un\u2019amministrazione coraggiosa, duratura, fattiva, efficiente, pragmatica e lungimirante perch\u00e9 Latina merita di pi\u00f9, merita di tornare ad essere una citt\u00e0 degna del suo ruolo di capoluogo di provincia\u201d.<\/p>\n<div class=\"radio-posizionamento-telefono-in-articoli-dopo-il-contenuto-articolo radio-entity-placement\" id=\"radio-3160210353\"><div id=\"radio-2684222890\" style=\"width: 300px;height: 250px;\"><a href=\"https:\/\/www.icarspa.it\/auto\/usate\/latina\/\" aria-label=\"banner aprile icar new life &#8211; auto usate latina\"><img loading=\"lazy\" decoding=\"async\" src=\"https:\/\/www.radioluna.it\/news\/wp-content\/uploads\/2026\/02\/banner-aprile-icar-new-life-auto-usate-latina.gif\" alt=\"\"  width=\"300\" height=\"250\"   \/><\/a><\/div><\/div>","protected":false},"excerpt":{"rendered":"<p>Un incontro durato due ore quello che si \u00e8 svolto in Comune a Latina tra il Commissario Prefettizio Carmine Valente, e una delegazione di Fare Latina tra cui Annalisa Muzio.\u00a0Presenti anche i Dirigenti dei settori Ambiente, Urbanistica e Viabilit\u00e0 del Comune di Latina con i quali si sono affrontati diversi temi tra cui le passerelle [&hellip;]<\/p>\n","protected":false},"author":60,"featured_media":0,"comment_status":"open","ping_status":"open","sticky":false,"template":"","format":"standard","meta":{"footnotes":""},"categories":[8],"tags":[],"class_list":["post-325842","post","type-post","status-publish","format-standard","hentry","category-politica"],"_links":{"self":[{"href":"https:\/\/www.radioluna.it\/news\/wp-json\/wp\/v2\/posts\/325842","targetHints":{"allow":["GET"]}}],"collection":[{"href":"https:\/\/www.radioluna.it\/news\/wp-json\/wp\/v2\/posts"}],"about":[{"href":"https:\/\/www.radioluna.it\/news\/wp-json\/wp\/v2\/types\/post"}],"author":[{"embeddable":true,"href":"https:\/\/www.radioluna.it\/news\/wp-json\/wp\/v2\/users\/60"}],"replies":[{"embeddable":true,"href":"https:\/\/www.radioluna.it\/news\/wp-json\/wp\/v2\/comments?post=325842"}],"version-history":[{"count":0,"href":"https:\/\/www.radioluna.it\/news\/wp-json\/wp\/v2\/posts\/325842\/revisions"}],"wp:attachment":[{"href":"https:\/\/www.radioluna.it\/news\/wp-json\/wp\/v2\/media?parent=325842"}],"wp:term":[{"taxonomy":"category","embeddable":true,"href":"https:\/\/www.radioluna.it\/news\/wp-json\/wp\/v2\/categories?post=325842"},{"taxonomy":"post_tag","embeddable":true,"href":"https:\/\/www.radioluna.it\/news\/wp-json\/wp\/v2\/tags?post=325842"}],"curies":[{"name":"wp","href":"https:\/\/api.w.org\/{rel}","templated":true}]}}