{"id":325862,"date":"2023-03-10T14:29:57","date_gmt":"2023-03-10T13:29:57","guid":{"rendered":"https:\/\/www.radioluna.it\/news\/?p=325862"},"modified":"2023-03-23T14:52:34","modified_gmt":"2023-03-23T13:52:34","slug":"domenica-in-jazz-ospiti-della-52nd-jazz-filippo-bianchini-e-luca-mannutza","status":"publish","type":"post","link":"https:\/\/www.radioluna.it\/news\/2023\/03\/domenica-in-jazz-ospiti-della-52nd-jazz-filippo-bianchini-e-luca-mannutza\/","title":{"rendered":"Domenica in Jazz: ospiti della 52nd Jazz Filippo Bianchini e Luca Mannutza"},"content":{"rendered":"<div id=\"fb-root\"><\/div>\n<p style=\"text-align: justify;\">LATINA &#8211; Verr\u00e0 presentato <strong>domenica pomeriggio, al Geena di via Custoza a Latina<\/strong>, <strong>\u201cA tu per tu\u201d <\/strong>il disco omaggio al grande jazz italiano con composizioni di alcuni giganti del genere come Franco D\u2019Andrea, Enrico Rava, Roberto Gatto, Daniele Tittarelli, Enrico Pierannunzi, Enrico Bracco e Max Ionata.<\/p>\n<p style=\"text-align: justify;\">Sul palco <strong>Luca Mannutza<\/strong> al pianoforte e <strong>Filippo Bianchini al sax, <\/strong>ospiti della stagione invernale organizzata dalla <strong>52nd Jazz di Erasmo Bencivenga, Nicola Borelli e Giorgio Raponi. <\/strong><\/p>\n<p style=\"text-align: justify;\">\u201cA tu per tu\u201d \u00e8 l\u2019incontro tra uno dei migliori pianisti della scena jazz europea e uno dei pi\u00f9 interessanti giovani sassofonisti, con un repertorio che spazier\u00e0 attraverso brani differenti tra loro, per natura e carattere, suonati con arrangiamenti adattati per rendere perfetto il connubio di questo interessantissimo duo.<\/p>\n<p style=\"text-align: justify;\"><strong>Luca Mannutza, <\/strong>nato a Cagliari nel \u201868, inizia a suonare a 4 anni; a 6 \u00e8 gi\u00e0 iscritto al Conservatorio di Cagliari dove, a 18 anni, si diploma con ottimi voti. Ma \u00e8 negli ani \u201990 che si avvicina al jazz assecondando cos\u00ec la sua naturale predisposizione all\u2019improvvisazione e alla creativit\u00e0. Inizia a suonare con il famoso sassofonista argentino Hector Costita e poi incontra il grande trombettista di New York, Andy Gravish, con il quale tuttora collabora. Si esibisce al fianco dei migliori jazzisti italiani tra cui Paolo Fresu, Emanuele Cisi, Maurizio Giammarco e Bebo Ferra. Ottiene importanti riconoscimenti in numerosi concorsi jazz tra cui il primo premio nell&#8217;International Massimo Urbani Award (2002) e il Premio del Pubblico nel Concorso Internazionale Tramplin Jazz di Avignone, in Francia. Collabora stabilmente con Fabrizio Bosso e fa parte degli High Five il gruppo pi\u00f9 rappresentativo del successo del jazz italiano nel mondo, campione di vendite con l\u2019album Five for Fun (Blue Note\/EMI Italia 2007) e Handful of Soul (Schema 2006) insieme a Mario Biondi. Luca Mannutza affianca la sua intensa attivit\u00e0 live con quella di arrangiatore per vari artisti e progetti discografici; ha suonato nei pi\u00f9 importanti jazz club italiani e nel mondo e ha partecipato a numerose manifestazioni e festival.<\/p>\n<p style=\"text-align: justify;\"><strong>Filippo Bianchini<\/strong> nasce ad Orvieto, ma vive a Roma fino agli 8 anni. Inizia a studiare musica a 7, a 10 comincia a suonare il sassofono tenore. Poco dopo inizia le prime lezioni di musica con il sassofonista romano, Mauro Verrone, che lo introduce ai grandi della musica afroamericana. Studia jazz e nel 2007 si trasferisce in Olanda dove ha l&#8217;opportunit\u00e0 di studiare con uno dei pi\u00f9 grandi musicisti europei: il sassofonista e clarinettista americano, John Ruocco. Nel 2013 completa gli studi al conservatorio olandese dove ottiene un Master in Jazz Saxophone. Si trasferisce a Bruxelles dove collabora con diverse formazioni sia da leader che come side-man. Vince numerosi premi tra cui il Jimmy Woode European Award 2012-Tuscia in Jazz Fest-come miglior sassofonista e miglior gruppo. Arriva in finale al Vittoria Rotary Jazz Award 2012 e al Fara Sabina Jazz Competition 2009-2011. Suona in importanti festival e rassegne e ha al suo attivo numerose collaborazioni con i pi\u00f9 grandi nomi del panorama jazzistico internazionale.<\/p>\n<p style=\"text-align: justify;\">Non solo musica. Anche per il mese di marzo, infatti, continua la collaborazione tra la <strong>52nd Jazz e MAD, Museo d\u2019Arte Diffusa<\/strong> di Fabio D\u2019Achille. Al Geena, in mostra, i cartoons dell\u2019artista di Latina, <strong>Fabrizio Gargano<\/strong>.<\/p>\n<p style=\"text-align: justify;\"><strong>Ricordiamo che per prenotare, o per tutte le info sui concerti, si pu\u00f2 scrivere su WhatsApp al numero 350 1843609 oppure si pu\u00f2 visitare il sito <\/strong><a href=\"http:\/\/www.52jazz.com\"><strong>www.52jazz.com<\/strong><\/a><strong> o le pagine social della 52nd Jazz<\/strong>.<\/p>\n<p style=\"text-align: justify;\">\n<div class=\"radio-posizionamento-telefono-in-articoli-dopo-il-contenuto-articolo radio-entity-placement\" id=\"radio-1624465275\"><div id=\"radio-831907614\" style=\"width: 300px;height: 250px;\"><a href=\"https:\/\/www.icarspa.it\/auto\/usate\/latina\/\" aria-label=\"banner aprile icar new life &#8211; auto usate latina\"><img loading=\"lazy\" decoding=\"async\" src=\"https:\/\/www.radioluna.it\/news\/wp-content\/uploads\/2026\/02\/banner-aprile-icar-new-life-auto-usate-latina.gif\" alt=\"\"  width=\"300\" height=\"250\"   \/><\/a><\/div><\/div>","protected":false},"excerpt":{"rendered":"<p>LATINA &#8211; Verr\u00e0 presentato domenica pomeriggio, al Geena di via Custoza a Latina, \u201cA tu per tu\u201d il disco omaggio al grande jazz italiano con composizioni di alcuni giganti del genere come Franco D\u2019Andrea, Enrico Rava, Roberto Gatto, Daniele Tittarelli, Enrico Pierannunzi, Enrico Bracco e Max Ionata. Sul palco Luca Mannutza al pianoforte e Filippo [&hellip;]<\/p>\n","protected":false},"author":60,"featured_media":0,"comment_status":"open","ping_status":"open","sticky":false,"template":"","format":"standard","meta":{"footnotes":""},"categories":[16],"tags":[],"class_list":["post-325862","post","type-post","status-publish","format-standard","hentry","category-appuntamenti"],"_links":{"self":[{"href":"https:\/\/www.radioluna.it\/news\/wp-json\/wp\/v2\/posts\/325862","targetHints":{"allow":["GET"]}}],"collection":[{"href":"https:\/\/www.radioluna.it\/news\/wp-json\/wp\/v2\/posts"}],"about":[{"href":"https:\/\/www.radioluna.it\/news\/wp-json\/wp\/v2\/types\/post"}],"author":[{"embeddable":true,"href":"https:\/\/www.radioluna.it\/news\/wp-json\/wp\/v2\/users\/60"}],"replies":[{"embeddable":true,"href":"https:\/\/www.radioluna.it\/news\/wp-json\/wp\/v2\/comments?post=325862"}],"version-history":[{"count":0,"href":"https:\/\/www.radioluna.it\/news\/wp-json\/wp\/v2\/posts\/325862\/revisions"}],"wp:attachment":[{"href":"https:\/\/www.radioluna.it\/news\/wp-json\/wp\/v2\/media?parent=325862"}],"wp:term":[{"taxonomy":"category","embeddable":true,"href":"https:\/\/www.radioluna.it\/news\/wp-json\/wp\/v2\/categories?post=325862"},{"taxonomy":"post_tag","embeddable":true,"href":"https:\/\/www.radioluna.it\/news\/wp-json\/wp\/v2\/tags?post=325862"}],"curies":[{"name":"wp","href":"https:\/\/api.w.org\/{rel}","templated":true}]}}