{"id":325920,"date":"2023-03-13T16:55:21","date_gmt":"2023-03-13T15:55:21","guid":{"rendered":"https:\/\/www.radioluna.it\/news\/?p=325920"},"modified":"2023-03-13T16:55:21","modified_gmt":"2023-03-13T15:55:21","slug":"lazio-lega-angelo-tripodi-confermato-capogruppo","status":"publish","type":"post","link":"https:\/\/www.radioluna.it\/news\/2023\/03\/lazio-lega-angelo-tripodi-confermato-capogruppo\/","title":{"rendered":"Lazio, Lega: Angelo Tripodi confermato capogruppo"},"content":{"rendered":"<div id=\"fb-root\"><\/div>\n<p style=\"text-align: justify;\"><strong>LAZIO<\/strong> &#8211; Angelo Tripodi \u00e8 stato confermato capogruppo della Lega alla presenza del coordinatore regionale del partito, Claudio Durigon. Lo comunica il gruppo della Lega in Consiglio regionale del Lazio.<br \/>\n&#8221;Nella precedente legislatura Tripodi \u00e8 stato protagonista di una dura e intransigente opposizione all&#8217;amministrazione Zingaretti, ma si \u00e8 contraddistinto con il dialogo e l&#8217;umilt\u00e0 nello svolgere un ruolo delicato all&#8217;interno dell&#8217;aula facendo crescere il gruppo consiliare. Non potevamo che confermare il nostro portavoce, il cui incarico sar\u00e0 essenziale per ricostruire la Regione Lazio attraverso la sua lunga esperienza al Comune di Latina e in Consiglio regionale&#8221;, commentano Pino Cangemi e Laura Cartaginese, vicepresidente del Consiglio regionale del Lazio e consigliere regionale della Lega.<\/p>\n","protected":false},"excerpt":{"rendered":"<p>LAZIO &#8211; Angelo Tripodi \u00e8 stato confermato capogruppo della Lega alla presenza del coordinatore regionale del partito, Claudio Durigon. Lo comunica il gruppo della Lega in Consiglio regionale del Lazio. &#8221;Nella precedente legislatura Tripodi \u00e8 stato protagonista di una dura e intransigente opposizione all&#8217;amministrazione Zingaretti, ma si \u00e8 contraddistinto con il dialogo e l&#8217;umilt\u00e0 nello [&hellip;]<\/p>\n","protected":false},"author":60,"featured_media":325287,"comment_status":"open","ping_status":"open","sticky":false,"template":"","format":"standard","meta":{"footnotes":""},"categories":[8],"tags":[],"class_list":["post-325920","post","type-post","status-publish","format-standard","has-post-thumbnail","hentry","category-politica"],"_links":{"self":[{"href":"https:\/\/www.radioluna.it\/news\/wp-json\/wp\/v2\/posts\/325920","targetHints":{"allow":["GET"]}}],"collection":[{"href":"https:\/\/www.radioluna.it\/news\/wp-json\/wp\/v2\/posts"}],"about":[{"href":"https:\/\/www.radioluna.it\/news\/wp-json\/wp\/v2\/types\/post"}],"author":[{"embeddable":true,"href":"https:\/\/www.radioluna.it\/news\/wp-json\/wp\/v2\/users\/60"}],"replies":[{"embeddable":true,"href":"https:\/\/www.radioluna.it\/news\/wp-json\/wp\/v2\/comments?post=325920"}],"version-history":[{"count":0,"href":"https:\/\/www.radioluna.it\/news\/wp-json\/wp\/v2\/posts\/325920\/revisions"}],"wp:featuredmedia":[{"embeddable":true,"href":"https:\/\/www.radioluna.it\/news\/wp-json\/wp\/v2\/media\/325287"}],"wp:attachment":[{"href":"https:\/\/www.radioluna.it\/news\/wp-json\/wp\/v2\/media?parent=325920"}],"wp:term":[{"taxonomy":"category","embeddable":true,"href":"https:\/\/www.radioluna.it\/news\/wp-json\/wp\/v2\/categories?post=325920"},{"taxonomy":"post_tag","embeddable":true,"href":"https:\/\/www.radioluna.it\/news\/wp-json\/wp\/v2\/tags?post=325920"}],"curies":[{"name":"wp","href":"https:\/\/api.w.org\/{rel}","templated":true}]}}