{"id":325986,"date":"2023-03-16T07:45:28","date_gmt":"2023-03-16T06:45:28","guid":{"rendered":"https:\/\/www.radioluna.it\/news\/?p=325986"},"modified":"2023-03-16T07:45:28","modified_gmt":"2023-03-16T06:45:28","slug":"roma-latina-via-libera-in-commissione-bilancio-alla-camera-apertura-dei-cantieri-sempre-piu-a-vicina","status":"publish","type":"post","link":"https:\/\/www.radioluna.it\/news\/2023\/03\/roma-latina-via-libera-in-commissione-bilancio-alla-camera-apertura-dei-cantieri-sempre-piu-a-vicina\/","title":{"rendered":"Roma &#8211; Latina, via libera in Commissione Bilancio alla Camera. Apertura dei cantieri sempre pi\u00f9 a vicina"},"content":{"rendered":"<div id=\"fb-root\"><\/div>\n<p style=\"text-align: justify;\">LATINA &#8211;\u00a0\u00abProsegue in maniera spedita l\u2019iter per la messa a terra della Roma- Latina. Infatti, \u00e8 stato approvato oggi, dalla Commissione Bilancio della Camera, lo schema di Decreto del Presidente del Consiglio dei Ministri relativo alla realizzazione della struttura intermodale per il collegamento tra Roma e Latina. Ringrazio quindi per il suo proficuo lavoro il deputato della Lega e segretario della commissione Bilancio, Nicola Ottaviani, relatore del provvedimento che d\u00e0 seguito al mio emendamento\u00a0alla Legge di Bilancio. Un emendamento\u00a0grazie al quale \u00e8 stata resa possibile l&#8217;istituzione della figura commissariale con poteri di stazione appaltante e lo stanziamento di 20 milioni di euro per le procedura di apertura dei cantieri da parte della struttura commissariale\u00bb.<\/p>\n<p style=\"text-align: justify;\">E&#8217; il Commento della Deputata della Lega, Onorevole Giovanna Miele, alla notizia proveniente da Montecitorio e che riguarda un\u2019opera fondamentale che metter\u00e0 in collegamento l\u2019area romana di Tor de\u2019 Cenci con quella di Latina nord a Borgo Piave risolvendo, dopo decine di anni, la delicata vicenda che interessa la Pontina, definita una delle strade italiane a pi\u00f9 alta incidenza di mortalit\u00e0 e di criticit\u00e0 di carattere ambientale. L\u2019infrastruttura, inoltre, permetter\u00e0 l\u2019allargamento di fatto dell\u2019area metropolitana romana, sotto il profilo dell\u2019utilizzo da parte di chi vive in provincia di Latina, delle risorse finanziarie e di servizi offerti dalla capitale.\u00a0\u00abUn traguardo &#8211; prosegue la Miele &#8211; raggiunto anche e soprattutto grazie al lavoro della Lega e di tutto il Centrodestra che nell\u2019ultima la legge di Bilancio ha deciso di istituire la figura commissariale sul Modello Genova per l&#8217;apertura immediata dei cantieri di un&#8217;opera fondamentale per la mobilit\u00e0 di tutto il territorio pontino e del sud della Capitale. Come promesso nei mesi scorsi quando il ministro delle Infrastrutture Salvini \u00e8 stato ospite a Latina della Camera di Commercio, questo Governo sta dando seguito agli impegni presi con cittadini, famiglie e imprese\u00bb.<\/p>\n<p>Cos\u00ec in una nota la deputata della Lega, l\u2019Onorevole Giovanna Miele<\/p>\n","protected":false},"excerpt":{"rendered":"<p>LATINA &#8211;\u00a0\u00abProsegue in maniera spedita l\u2019iter per la messa a terra della Roma- Latina. Infatti, \u00e8 stato approvato oggi, dalla Commissione Bilancio della Camera, lo schema di Decreto del Presidente del Consiglio dei Ministri relativo alla realizzazione della struttura intermodale per il collegamento tra Roma e Latina. Ringrazio quindi per il suo proficuo lavoro il [&hellip;]<\/p>\n","protected":false},"author":60,"featured_media":319479,"comment_status":"open","ping_status":"open","sticky":false,"template":"","format":"standard","meta":{"footnotes":""},"categories":[8],"tags":[],"class_list":["post-325986","post","type-post","status-publish","format-standard","has-post-thumbnail","hentry","category-politica"],"_links":{"self":[{"href":"https:\/\/www.radioluna.it\/news\/wp-json\/wp\/v2\/posts\/325986","targetHints":{"allow":["GET"]}}],"collection":[{"href":"https:\/\/www.radioluna.it\/news\/wp-json\/wp\/v2\/posts"}],"about":[{"href":"https:\/\/www.radioluna.it\/news\/wp-json\/wp\/v2\/types\/post"}],"author":[{"embeddable":true,"href":"https:\/\/www.radioluna.it\/news\/wp-json\/wp\/v2\/users\/60"}],"replies":[{"embeddable":true,"href":"https:\/\/www.radioluna.it\/news\/wp-json\/wp\/v2\/comments?post=325986"}],"version-history":[{"count":0,"href":"https:\/\/www.radioluna.it\/news\/wp-json\/wp\/v2\/posts\/325986\/revisions"}],"wp:featuredmedia":[{"embeddable":true,"href":"https:\/\/www.radioluna.it\/news\/wp-json\/wp\/v2\/media\/319479"}],"wp:attachment":[{"href":"https:\/\/www.radioluna.it\/news\/wp-json\/wp\/v2\/media?parent=325986"}],"wp:term":[{"taxonomy":"category","embeddable":true,"href":"https:\/\/www.radioluna.it\/news\/wp-json\/wp\/v2\/categories?post=325986"},{"taxonomy":"post_tag","embeddable":true,"href":"https:\/\/www.radioluna.it\/news\/wp-json\/wp\/v2\/tags?post=325986"}],"curies":[{"name":"wp","href":"https:\/\/api.w.org\/{rel}","templated":true}]}}