{"id":325999,"date":"2023-03-16T11:16:10","date_gmt":"2023-03-16T10:16:10","guid":{"rendered":"https:\/\/www.radioluna.it\/news\/?p=325999"},"modified":"2023-03-23T14:50:07","modified_gmt":"2023-03-23T13:50:07","slug":"cinecitta-word-riapre-sabato-il-parco-divertimenti-di-roma","status":"publish","type":"post","link":"https:\/\/www.radioluna.it\/news\/2023\/03\/cinecitta-word-riapre-sabato-il-parco-divertimenti-di-roma\/","title":{"rendered":"Cinecitt\u00e0 word, riapre sabato il Parco Divertimenti di Roma"},"content":{"rendered":"<div id=\"fb-root\"><\/div>\n<p style=\"text-align: justify;\"><strong>ROMA &#8211;<\/strong> Ritorna la primavera e riparte il divertimento: <strong>sabato 18 marzo<\/strong> si riaccendono i riflettori di <strong>Cinecitt\u00e0 World, il Parco Divertimenti del Cinema e della TV di Roma.\u00a0<\/strong>La <strong>nuova stagione 2023<\/strong> promette <strong>dieci mesi di emozioni<\/strong>, adrenalina e voglia di stare insieme agli amici e alla famiglia con <strong>40 attrazioni<\/strong>, <strong>7 aree a tema<\/strong> dedicate ai principali generi cinematografici (<strong>Cinecitt\u00e0, Roma, Spaceland, Far West, Adventureland, Il Regno del Ghiaccio, Aqua World)<\/strong>,<strong> 6 spettacoli <em>live<\/em> al giorno<\/strong> e<strong> oltre 60 eventi <\/strong>in calendario.<\/p>\n<p style=\"text-align: justify;\">Quest\u2019anno l\u2019offerta di Cinecitt\u00e0 World si arricchisce ulteriormente: ad impreziosire il Parco arrivano <strong>quattro grandi novit\u00e0<\/strong> per la nuova stagione.<\/p>\n<p style=\"text-align: justify;\">\u201c<strong><em>Dal 2 giugno<\/em><\/strong><em>, con l\u2019apertura dell\u2019area acquatica <strong>Aqua World<\/strong> il <strong>divertimento raddoppia<\/strong>: inaugureremo <strong>Vortex e Boomerang<\/strong>, due nuovi spettacolari scivoli di ultima generazione, da vivere in compagnia &#8211; <\/em>dichiara <strong>l\u2019Amministratore Delegato di Cinecitt\u00e0 World, Stefano Cigarini<\/strong><em> \u2013 e <strong>prosegue il nostro piano di sviluppo<\/strong> che ci porter\u00e0 in questi anni <strong>da 1 a 3 parchi tematici<\/strong>\u201d. <\/em><\/p>\n<p style=\"text-align: justify;\">Le <strong>novit\u00e0 della stagione<\/strong> <strong>2023<\/strong> non finiscono qui: da maggio sorger\u00e0 il <strong>Palastudio<\/strong>, un <strong>nuovo teatro<\/strong> di oltre 2.100 mq progettato per <strong>eventi, spettacoli e concerti.<\/strong><\/p>\n<p style=\"text-align: justify;\">Nuovo anche lo spettacolo <strong>Scuola di Polizia<\/strong>, lo <strong>Stunt Show Live<\/strong> che far\u00e0 salire l\u2019adrenalina alle stelle tra testacoda e acrobazie su quattro ruote.<\/p>\n<p style=\"text-align: justify;\">Di tutto questo abbiamo parlato con l&#8217;ad del Parco divertimenti Stefano Cigarini<\/p>\n<audio class=\"wp-audio-shortcode\" id=\"audio-325999-1\" preload=\"none\" style=\"width: 100%;\" controls=\"controls\"><source type=\"audio\/mpeg\" src=\"https:\/\/www.radioluna.it\/news\/wp-content\/uploads\/2023\/03\/16-3-23-cigarini-cinecitta.mp3?_=1\" \/><a href=\"https:\/\/www.radioluna.it\/news\/wp-content\/uploads\/2023\/03\/16-3-23-cigarini-cinecitta.mp3\">https:\/\/www.radioluna.it\/news\/wp-content\/uploads\/2023\/03\/16-3-23-cigarini-cinecitta.mp3<\/a><\/audio>\n<p>Il parco divertimenti di Roma offre <strong>attrazioni uniche in Italia<\/strong>, tra cui: <strong><em>Volarium<\/em><\/strong> &#8211; <strong>Il Cinema volante<\/strong>, un <em>flying theatre<\/em>, in cui gli ospiti volano letteralmente davanti allo schermo sospesi a 12 metri di altezza, <strong><em>Inferno<\/em> la montagna Russa indoor<\/strong> che si snoda tra i gironi dell\u2019Inferno Dantesco e <strong><em>Jurassic War<\/em><\/strong>, <strong>un tunnel immersivo<\/strong> in cui i visitatori, a bordo di un treno, si ritrovano catapultati indietro nel tempo di 60 Milioni di anni, in mezzo a battaglie epiche tra i pi\u00f9 <strong>terrificanti Dinosauri<\/strong>. <strong>Altair, il roller coaster outdoor <\/strong>\u00e8 un<strong> cult per i coraggiosi: <\/strong>con i suoi 10 passaggi a testa in gi\u00f9, detiene il record di inversioni in Europa. E per chi cerca un po\u2019 di fresco c\u2019\u00e8 solo l\u2019imbarazzo della scelta, tra le discese a 70km\/h nell\u2019acqua di <strong>Aktium<\/strong> o le 4 attrazioni de <strong>Il regno del ghiaccio, <\/strong>unico<strong> playground sulla neve e sul ghiaccio <\/strong>del belpaese.<\/p>\n<p><strong>Cinecitt\u00e0 World \u00e8 il Parco tematico che cresce di pi\u00f9 in Italia: +400%<\/strong> <strong>in 5 anni<\/strong>. Con <strong>oltre mezzo milione di visitatori<\/strong> \u00e8 diventato il <strong>1\u00b0 Parco divertimenti di Roma<\/strong> e <strong>4\u00b0 Parco in Italia<\/strong>. Un parco innovativo che realizza il <strong>90% delle vendite online<\/strong> e che, grazie al progetto <strong>Smart Park,<\/strong> consente di gestire biglietti, pranzi, prenotazione attrazioni e tanti altri servizi direttamente dal cellulare.<\/p>\n<p><strong>\u00a0<\/strong>Con la riapertura del parco parte anche <strong>la stagione degli eventi<\/strong>: <strong>Sabato 18 marzo<\/strong> al <strong>Job Talent Day<\/strong> si ricercano <strong>300 persone<\/strong> da impegnare nel Parco fino al 7.1.2024<\/p>\n<p><strong>Domenica 19 marzo<\/strong> Cinecitt\u00e0 World celebra la <strong>Festa del Pap\u00e0<\/strong> con una giornata dedicata alla <strong>solidariet\u00e0 <\/strong>in collaborazione con l\u2019<strong>Ospedale Pediatrico Bambino Ges\u00f9<\/strong>: si potranno incontrare medici e specialisti dell\u2019ospedale ed imparare di pi\u00f9 sulla salute dei propri figlie. Il 50% degli ingressi di competenza verr\u00e0 devoluto in beneficienza alla <strong>Fondazione Bambino Ges\u00f9<\/strong>. Il divertimento \u00e8 invece garantito dalla prima di tante <strong><em>premiere<\/em> cinematografiche<\/strong> che segneranno la stagione 2023: l\u2019<strong>Anteprima Italiana<\/strong> <strong>del film <\/strong>\u201c<strong>Dungeons &amp; Dragons: L&#8217;onore dei ladri\u201d <\/strong>prevista alle ore 17.<\/p>\n<p>La stagione degli eventi sar\u00e0 impreziosita da grandi <strong>produzioni cinematografiche e televisive<\/strong>, da <strong>showcase<\/strong> e masterclass come quella di <strong>Alex Britti il 7 maggio, <\/strong>da eventi come <strong>Stelle di Fuoco<\/strong>, <strong>campionato italiano di fuochi d\u2019artificio<\/strong> (7-16 Luglio), dai <strong>grandi concerti estivi<\/strong>, dalla 7\u00b0 edizione di <strong>Viva l\u2019Italia,<\/strong> il pi\u00f9 grande evento interforze mai realizzato in un parco divertimenti. E con l\u2019arrivo dell\u2019autunno ecco i brividi di <strong>Ottobre &#8211; Il mese di Halloween<\/strong>, la magia del <strong>Natale a Cinecitt\u00e0 World<\/strong>, e la grande <strong>festa di Capodanno.<\/strong><\/p>\n<p><strong>Venerd\u00ec<\/strong> <strong>24 marzo<\/strong> a fianco di Cinecitt\u00e0 World apre <a href=\"https:\/\/www.romaworld.com\/it\"><strong>Roma World<\/strong><\/a>, il <strong>Parco a tema dedicato all\u2019Antica Roma<\/strong> con la sua esperienza unica: permette di vivere <strong>una giornata da antico romano<\/strong> con tante attivit\u00e0 da godersi in mezzo alla natura. Dagli <strong>spettacoli dei gladiatori<\/strong> alla <strong>possibilit\u00e0 di pernottare<\/strong> <strong>nell\u2019accampamento<\/strong> come un vero legionario. Dal <strong>tiro con l\u2019arco<\/strong> agli <strong>spettacoli di falconeria, <\/strong>il tutto condito da un <strong>buon pranzo<\/strong> <strong>o cena romana<\/strong> <strong>nella Taberna<\/strong>, e un po\u2019 di <strong>shopping nell\u2019antico mercatino<\/strong>. <strong>Novit\u00e0 2023<\/strong> di Roma World il <strong>Bosco Magico: <\/strong>un <strong>suggestivo percorso tra luci, proiezioni ed effetti<\/strong> <strong>sonori<\/strong> immersi nel bosco delle sughere.<\/p>\n<p>Rinnovato anche il sodalizio tra cultura e divertimento: grazie alla collaborazione tra Cinecitt\u00e0 World e il <strong>Campidoglio<\/strong> tutti i possessori di un biglietto di accesso ai <strong>Musei Capitolini <\/strong>possono usufruire di un<strong> ingresso gratuito a Roma World<\/strong>.<\/p>\n<p><strong>Roma World<\/strong> punta negli anni a ricostruire dal vivo la <strong>Roma Imperiale<\/strong>, con l\u2019obiettivo di immergere nella storia milioni di ospiti e turisti. Intanto il <strong>1 Giugno 2024<\/strong> debutter\u00e0 <strong><em>Rome On Fire<\/em>, spettacolare show serale<\/strong> nella maestosa cornice nel <strong>set di Ben Hur<\/strong>.<\/p>\n<p>Il <strong>2 giugno<\/strong>, infine, sar\u00e0 la volta di <strong>Aqua World<\/strong>: fase uno del <strong>nuovo parco acquatico<\/strong> di Cinecitt\u00e0 World, dove prendere il sole tra spiagge di sabbia, la <strong><em>Cinepiscina<\/em>,<\/strong> <strong>il fiume lento <em>Paradiso<\/em><\/strong>, alternando il relax alle emozioni offerte dai <strong>due nuovi grandi scivoli<\/strong> <strong><em>Vortex<\/em><\/strong> e <strong><em>Boomerang<\/em><\/strong>. Che la magia abbia inizio!<\/p>\n<p>&nbsp;<\/p>\n<div class=\"radio-posizionamento-telefono-in-articoli-dopo-il-contenuto-articolo radio-entity-placement\" id=\"radio-1817105475\"><div id=\"radio-4280929080\"><a href=\"https:\/\/grupporedi.it\/\" aria-label=\"Redi-Qr\"><img loading=\"lazy\" decoding=\"async\" src=\"https:\/\/www.radioluna.it\/news\/wp-content\/uploads\/2026\/03\/Redi-Qr.jpg\" alt=\"\"  srcset=\"https:\/\/www.radioluna.it\/news\/wp-content\/uploads\/2026\/03\/Redi-Qr.jpg 800w, https:\/\/www.radioluna.it\/news\/wp-content\/uploads\/2026\/03\/Redi-Qr-768x639.jpg 768w\" sizes=\"(max-width: 800px) 100vw, 800px\" width=\"300\" height=\"250\"   \/><\/a><\/div><\/div>","protected":false},"excerpt":{"rendered":"<p>ROMA &#8211; Ritorna la primavera e riparte il divertimento: sabato 18 marzo si riaccendono i riflettori di Cinecitt\u00e0 World, il Parco Divertimenti del Cinema e della TV di Roma.\u00a0La nuova stagione 2023 promette dieci mesi di emozioni, adrenalina e voglia di stare insieme agli amici e alla famiglia con 40 attrazioni, 7 aree a tema [&hellip;]<\/p>\n","protected":false},"author":60,"featured_media":0,"comment_status":"open","ping_status":"open","sticky":false,"template":"","format":"standard","meta":{"footnotes":""},"categories":[16,2310],"tags":[],"class_list":["post-325999","post","type-post","status-publish","format-standard","hentry","category-appuntamenti","category-audio"],"_links":{"self":[{"href":"https:\/\/www.radioluna.it\/news\/wp-json\/wp\/v2\/posts\/325999","targetHints":{"allow":["GET"]}}],"collection":[{"href":"https:\/\/www.radioluna.it\/news\/wp-json\/wp\/v2\/posts"}],"about":[{"href":"https:\/\/www.radioluna.it\/news\/wp-json\/wp\/v2\/types\/post"}],"author":[{"embeddable":true,"href":"https:\/\/www.radioluna.it\/news\/wp-json\/wp\/v2\/users\/60"}],"replies":[{"embeddable":true,"href":"https:\/\/www.radioluna.it\/news\/wp-json\/wp\/v2\/comments?post=325999"}],"version-history":[{"count":0,"href":"https:\/\/www.radioluna.it\/news\/wp-json\/wp\/v2\/posts\/325999\/revisions"}],"wp:attachment":[{"href":"https:\/\/www.radioluna.it\/news\/wp-json\/wp\/v2\/media?parent=325999"}],"wp:term":[{"taxonomy":"category","embeddable":true,"href":"https:\/\/www.radioluna.it\/news\/wp-json\/wp\/v2\/categories?post=325999"},{"taxonomy":"post_tag","embeddable":true,"href":"https:\/\/www.radioluna.it\/news\/wp-json\/wp\/v2\/tags?post=325999"}],"curies":[{"name":"wp","href":"https:\/\/api.w.org\/{rel}","templated":true}]}}