{"id":326024,"date":"2023-03-17T11:16:01","date_gmt":"2023-03-17T10:16:01","guid":{"rendered":"https:\/\/www.radioluna.it\/news\/?p=326024"},"modified":"2023-03-23T14:49:42","modified_gmt":"2023-03-23T13:49:42","slug":"addio-silvio-morto-a-roma-lex-assessore-di-francia","status":"publish","type":"post","link":"https:\/\/www.radioluna.it\/news\/2023\/03\/addio-silvio-morto-a-roma-lex-assessore-di-francia\/","title":{"rendered":"Addio Silvio, morto a Roma l&#8217;ex assessore Di Francia"},"content":{"rendered":"<div id=\"fb-root\"><\/div>\n<p style=\"text-align: justify;\"><strong>LATINA<\/strong> &#8211; E&#8217; morto a Roma Silvio Di Francia, assessore alla Cultura a Latina nella prima giunta Coletta. Aveva 69 anni. Giornalista, campione di judo, era stato assessore del comune di Roma con Veltroni tra il 2006 e il 2008 e pi\u00f9 volte era stato eletto consigliere comunale dell&#8217;assemblea capitolina. Aveva accettato volentieri l&#8217;incarico a Latina, portando la sua esperienza e la sua larghezza di vedute, la sua cultura e il suo sorriso gentile e ironico.<\/p>\n<p style=\"text-align: justify;\">Nel 2020 era stato colpito da<a href=\"https:\/\/www.radioluna.it\/news\/2021\/09\/latina-lassessore-di-francia-colpito-alla-parola-da-una-malattia-rara-chi-mi-vuole-ascoltare-deve-avere-pazienza\/\"> una malattia neurologica di cui lui stesso aveva apertamente parlato a Latina, durante l&#8217;ultimo incontro pubblico, al termine del mandato<\/a>. &#8220;Chi vuole ascoltarmi &#8211; aveva detto a settembre del 2021 &#8211; deve avere pazienza&#8221;. Il disturbo si era infatti manifestato con problemi all&#8217;eloquio. Era solo l&#8217;inizio.<\/p>\n<p>IL POST DI COLETTA &#8211; &#8220;Sconcerto, commozione, dolore, tanto dolore. La notizia della morte di Silvio Di Francia mi ha profondamente rattristato &#8211; ha scritto su Fb l&#8217;ex primo cittadino Damiano Coletta &#8211; Se ne va una persona con cui ho condiviso una parte importante del mio cammino come Sindaco della citt\u00e0 di Latina. Sono stati anni in cui ho potuto apprezzare l\u2019uomo Silvio, ma anche le sue qualit\u00e0 politiche, le sue capacit\u00e0 amministrative. Un uomo che \u00e8 vissuto a pane e sport, a pane e politica, a pane e cultura: una combinazione che ne ha fatto una persona unica, con la quale era impossibile non confrontarsi, anche duramente, anche litigando, ma sempre con l\u2019obiettivo di trovare una sintesi.<br \/>\nDa Assessore alla Cultura si \u00e8 fatto promotore di proposte innovative, ha portato a in citt\u00e0 alcuni tra i protagonisti pi\u00f9 noti della politica, della cultura e dello spettacolo. Ha saputo vedere oltre il quotidiano, aprendo ai giovani e alle novit\u00e0. E\u2019 stato un sognatore, \u00e8 sua la visione di un Museo Cambellotti nuovo, un museo 2.0.<br \/>\nNei momenti pi\u00f9 difficili \u00e8 stato un attento interlocutore e mediatore politico, un riferimento amministrativo, Ha lavorato per la citt\u00e0 e per i suoi cittadini anche a costo di prendere decisioni impopolari. Mi piace ricordare come abbia condiviso con me la decisione di chiudere il teatro D\u2019Annunzio, ormai ingestibile sul piano della sicurezza: &lt;Prima la tutela dello spettatore, lo spettacolo viene dopo&gt;, mi disse, per poi il giorno dopo mettersi al lavoro affinch\u00e9 il teatro tornasse ad essere un patrimonio della citt\u00e0.<br \/>\nSilvio era un competitivo, ha vinto tante gare, tante battaglie, purtroppo la malattia lo ha colpito in maniera inesorabile e straziante. Il mio cordoglio, il mio dolore \u00e8 il dolore e il cordoglio anche di chi insieme a me ne ha condiviso il cammino amministrativo&#8221;, ha concluso Coletta.<\/p>\n<div class=\"x11i5rnm xat24cr x1mh8g0r x1vvkbs xdj266r x126k92a\">\n<div dir=\"auto\"><span style=\"text-align: justify;\">I RICORDI &#8211; In tanti in queste ore lo stanno ricordando: &#8220;Ciao Silvio e grazie per tutto quello che hai regalato alla nostra citt\u00e0&#8221;, ha scritto la ex compagna di giunta Patrizia Ciccarelli. Per Gianmarco Proietti, anche lui a assessore della prima giunta Coletta, Di Francia aveva &#8220;visto e previsto tanto&#8221;.<\/span><\/div>\n<\/div>\n<p style=\"font-weight: 400; text-align: justify;\">&#8220;Con grande dolore apprendiamo della morte di Silvio Di Francia scrive in una nota Latina Bene Comune &#8211;\u00a0 \u00c8 stato per il nostro Movimento e per la citt\u00e0 una persona che ha portato cultura, bellezza e una visione straordinaria. I suoi ultimi anni sono stati tormentati e strazianti ma non ha mai fatto mancare il suo sostegno ed il suo affetto. Lo ricorderemo come un grande amico ed un grande Assessore&#8221;.<\/p>\n<p style=\"text-align: justify;\">\n<div class=\"radio-posizionamento-telefono-in-articoli-dopo-il-contenuto-articolo radio-entity-placement\" id=\"radio-1068848177\"><div id=\"radio-1294794242\"><a href=\"https:\/\/grupporedi.it\/\" aria-label=\"Redi-Qr\"><img loading=\"lazy\" decoding=\"async\" src=\"https:\/\/www.radioluna.it\/news\/wp-content\/uploads\/2026\/03\/Redi-Qr.jpg\" alt=\"\"  srcset=\"https:\/\/www.radioluna.it\/news\/wp-content\/uploads\/2026\/03\/Redi-Qr.jpg 800w, https:\/\/www.radioluna.it\/news\/wp-content\/uploads\/2026\/03\/Redi-Qr-768x639.jpg 768w\" sizes=\"(max-width: 800px) 100vw, 800px\" width=\"300\" height=\"250\"   \/><\/a><\/div><\/div>","protected":false},"excerpt":{"rendered":"<p>LATINA &#8211; E&#8217; morto a Roma Silvio Di Francia, assessore alla Cultura a Latina nella prima giunta Coletta. Aveva 69 anni. Giornalista, campione di judo, era stato assessore del comune di Roma con Veltroni tra il 2006 e il 2008 e pi\u00f9 volte era stato eletto consigliere comunale dell&#8217;assemblea capitolina. Aveva accettato volentieri l&#8217;incarico a [&hellip;]<\/p>\n","protected":false},"author":60,"featured_media":0,"comment_status":"open","ping_status":"open","sticky":false,"template":"","format":"standard","meta":{"footnotes":""},"categories":[7],"tags":[],"class_list":["post-326024","post","type-post","status-publish","format-standard","hentry","category-cronaca"],"_links":{"self":[{"href":"https:\/\/www.radioluna.it\/news\/wp-json\/wp\/v2\/posts\/326024","targetHints":{"allow":["GET"]}}],"collection":[{"href":"https:\/\/www.radioluna.it\/news\/wp-json\/wp\/v2\/posts"}],"about":[{"href":"https:\/\/www.radioluna.it\/news\/wp-json\/wp\/v2\/types\/post"}],"author":[{"embeddable":true,"href":"https:\/\/www.radioluna.it\/news\/wp-json\/wp\/v2\/users\/60"}],"replies":[{"embeddable":true,"href":"https:\/\/www.radioluna.it\/news\/wp-json\/wp\/v2\/comments?post=326024"}],"version-history":[{"count":0,"href":"https:\/\/www.radioluna.it\/news\/wp-json\/wp\/v2\/posts\/326024\/revisions"}],"wp:attachment":[{"href":"https:\/\/www.radioluna.it\/news\/wp-json\/wp\/v2\/media?parent=326024"}],"wp:term":[{"taxonomy":"category","embeddable":true,"href":"https:\/\/www.radioluna.it\/news\/wp-json\/wp\/v2\/categories?post=326024"},{"taxonomy":"post_tag","embeddable":true,"href":"https:\/\/www.radioluna.it\/news\/wp-json\/wp\/v2\/tags?post=326024"}],"curies":[{"name":"wp","href":"https:\/\/api.w.org\/{rel}","templated":true}]}}