{"id":326056,"date":"2023-03-18T09:04:14","date_gmt":"2023-03-18T08:04:14","guid":{"rendered":"https:\/\/www.radioluna.it\/news\/?p=326056"},"modified":"2023-03-20T11:04:55","modified_gmt":"2023-03-20T10:04:55","slug":"cisterna-alle-15-i-funerali-di-francesco-mansutti-nella-chiesa-di-santa-maria-assunta-in-cielo","status":"publish","type":"post","link":"https:\/\/www.radioluna.it\/news\/2023\/03\/cisterna-alle-15-i-funerali-di-francesco-mansutti-nella-chiesa-di-santa-maria-assunta-in-cielo\/","title":{"rendered":"Cisterna, alle 15 i funerali di Francesco Mansutti nella chiesa di Santa Maria Assunta in Cielo"},"content":{"rendered":"<div id=\"fb-root\"><\/div>\n<p style=\"text-align: justify;\"><strong><img loading=\"lazy\" decoding=\"async\" class=\"alignnone size-full wp-image-326058\" src=\"https:\/\/www.radioluna.it\/news\/wp-content\/uploads\/2023\/03\/WhatsApp-Image-2023-03-16-at-15.59.19.jpeg\" alt=\"\" width=\"819\" height=\"1219\" srcset=\"https:\/\/www.radioluna.it\/news\/wp-content\/uploads\/2023\/03\/WhatsApp-Image-2023-03-16-at-15.59.19.jpeg 819w, https:\/\/www.radioluna.it\/news\/wp-content\/uploads\/2023\/03\/WhatsApp-Image-2023-03-16-at-15.59.19-768x1143.jpeg 768w\" sizes=\"auto, (max-width: 819px) 100vw, 819px\" \/>CISTERNA DI LATINA<\/strong> &#8211; Saranno celebrati oggi pomeriggio alle 15 i funerali di Francesco Mansutti il 26enne morto dopo essere stato travolto da un trattore nel piazzale dell&#8217;azienda di famiglia sull&#8217;Appia. Ad accogliere le spoglie per l&#8217;ultimo saluto sar\u00e0 la chiesa di Santa Maria Assunta in cielo a Cisterna.<\/p>\n<p style=\"text-align: justify;\">Intanto ieri dopo l&#8217;autopsia, la bara ha raggiunto la sede della Campana Mangimi dove \u00e8 avvenuto l&#8217;incidente e dove Francesco lavorava dopo la laurea in Economia, e si \u00e8 aperta la camera ardente con i familiari, la mamma Antonella e il pap\u00e0 Franco, la sorella Michela, i parenti e i tantissimi amici del ragazzo che era molto amato per il suo carattere solare, la sua educazione e il suo impegno nelle cose alle quali si dedicava, come il basket, passione che lo aveva portato a giocare in serie D con la Virtus Basket Pontinia che ha scritto sulla pagina sociale: &#8220;Oggi perdiamo un amico, un compagno, una fonte di gioia e di ispirazione per tutta la nostra realt\u00e0&#8221;.<\/p>\n<p style=\"text-align: justify;\">Anche il liceo Classico Dante Alighieri ha ricordato Francesco Mansutti, ex studente modello e rappresentante d&#8217;istituto, con uno striscione affisso all&#8217;esterno della sede di Viale Mazzini.<img loading=\"lazy\" decoding=\"async\" class=\"wp-image-326059 alignright\" src=\"https:\/\/www.radioluna.it\/news\/wp-content\/uploads\/2023\/03\/WhatsApp-Image-2023-03-17-at-18.59.19.jpeg\" alt=\"\" width=\"240\" height=\"320\" srcset=\"https:\/\/www.radioluna.it\/news\/wp-content\/uploads\/2023\/03\/WhatsApp-Image-2023-03-17-at-18.59.19.jpeg 1440w, https:\/\/www.radioluna.it\/news\/wp-content\/uploads\/2023\/03\/WhatsApp-Image-2023-03-17-at-18.59.19-768x1024.jpeg 768w, https:\/\/www.radioluna.it\/news\/wp-content\/uploads\/2023\/03\/WhatsApp-Image-2023-03-17-at-18.59.19-1152x1536.jpeg 1152w\" sizes=\"auto, (max-width: 240px) 100vw, 240px\" \/><\/p>\n<p style=\"text-align: justify;\">Va avanti nel frattempo l&#8217;inchiesta aperta dalla Procura della Repubblica di Latina per chiarire le cause del drammatico incidente sul lavoro.<\/p>\n","protected":false},"excerpt":{"rendered":"<p>CISTERNA DI LATINA &#8211; Saranno celebrati oggi pomeriggio alle 15 i funerali di Francesco Mansutti il 26enne morto dopo essere stato travolto da un trattore nel piazzale dell&#8217;azienda di famiglia sull&#8217;Appia. Ad accogliere le spoglie per l&#8217;ultimo saluto sar\u00e0 la chiesa di Santa Maria Assunta in cielo a Cisterna. Intanto ieri dopo l&#8217;autopsia, la bara [&hellip;]<\/p>\n","protected":false},"author":60,"featured_media":326059,"comment_status":"open","ping_status":"open","sticky":false,"template":"","format":"standard","meta":{"footnotes":""},"categories":[7],"tags":[],"class_list":["post-326056","post","type-post","status-publish","format-standard","has-post-thumbnail","hentry","category-cronaca"],"_links":{"self":[{"href":"https:\/\/www.radioluna.it\/news\/wp-json\/wp\/v2\/posts\/326056","targetHints":{"allow":["GET"]}}],"collection":[{"href":"https:\/\/www.radioluna.it\/news\/wp-json\/wp\/v2\/posts"}],"about":[{"href":"https:\/\/www.radioluna.it\/news\/wp-json\/wp\/v2\/types\/post"}],"author":[{"embeddable":true,"href":"https:\/\/www.radioluna.it\/news\/wp-json\/wp\/v2\/users\/60"}],"replies":[{"embeddable":true,"href":"https:\/\/www.radioluna.it\/news\/wp-json\/wp\/v2\/comments?post=326056"}],"version-history":[{"count":0,"href":"https:\/\/www.radioluna.it\/news\/wp-json\/wp\/v2\/posts\/326056\/revisions"}],"wp:featuredmedia":[{"embeddable":true,"href":"https:\/\/www.radioluna.it\/news\/wp-json\/wp\/v2\/media\/326059"}],"wp:attachment":[{"href":"https:\/\/www.radioluna.it\/news\/wp-json\/wp\/v2\/media?parent=326056"}],"wp:term":[{"taxonomy":"category","embeddable":true,"href":"https:\/\/www.radioluna.it\/news\/wp-json\/wp\/v2\/categories?post=326056"},{"taxonomy":"post_tag","embeddable":true,"href":"https:\/\/www.radioluna.it\/news\/wp-json\/wp\/v2\/tags?post=326056"}],"curies":[{"name":"wp","href":"https:\/\/api.w.org\/{rel}","templated":true}]}}