{"id":326267,"date":"2023-03-23T15:02:18","date_gmt":"2023-03-23T14:02:18","guid":{"rendered":"https:\/\/www.radioluna.it\/news\/?p=326267"},"modified":"2023-03-23T17:43:21","modified_gmt":"2023-03-23T16:43:21","slug":"premio-invictus-il-presidente-del-cip-luca-pancalli-nominato-ambassador","status":"publish","type":"post","link":"https:\/\/www.radioluna.it\/news\/2023\/03\/premio-invictus-il-presidente-del-cip-luca-pancalli-nominato-ambassador\/","title":{"rendered":"Premio Invictus, il presidente del Cip Luca Pancalli nominato \u201cAmbassador\u201d"},"content":{"rendered":"<div id=\"fb-root\"><\/div>\n<p style=\"text-align: justify;\"><strong>LATINA<\/strong> &#8211; Luca Pancalli, Presidente del Comitato Italiano Paralimpico, \u00e8 stato nominato \u201cAmbassador\u201d del Premio Letterario Sportivo Invictus, la rassegna culturale promossa dalla casa editrice Lab DFG E giunta alla quarta edizione. La decisione \u00e8 stata presa all&#8217;unanimit\u00e0 dalla giuria del premio composta dai giornalisti sportivi Elisabetta Caporale, Italo Cucci, Matteo Marani, Sandro Fioravanti, Stefano Bizzotto, Dario Ricci, Xavier Jacobelli, e da campioni e dirigenti del mondo sportivo quali Silvia Salis, Raffaella Masciadri, Elena Papaleo, Cristina Lenardon, Daniele Masala, Mauro Grimaldi, Mara Santangelo e Alessandra Marzari.<br \/>\nIl presidente della giuria, il bicampione olimpico di canottaggio Davide Tizzano, motiva cos\u00ec la scelta: \u201cLuca Pancalli \u00e8 un ambassador meraviglioso e il fatto che abbia accettato questa nostra proposta nobilita il premio perch\u00e9 allarga la platea anche al mondo paralimpico. Per me, da presidente, \u00e8 un vero onore che lui possa rappresentare questo premio ed \u00e8 un piacere perch\u00e9 poter vantare di avere un ambassador come lui arricchisce ancor pi\u00f9 di prestigio questo concorso che anno dopo anno contribuisce a diffondere la vera cultura dello sport\u201d.<br \/>\nLa cerimonia di assegnazione all\u2019avvocato Luca Pancalli, si svolger\u00e0 il 28 marzo, alle ore 11, nella sede del CIP di via Flaminia 830.<\/p>\n","protected":false},"excerpt":{"rendered":"<p>LATINA &#8211; Luca Pancalli, Presidente del Comitato Italiano Paralimpico, \u00e8 stato nominato \u201cAmbassador\u201d del Premio Letterario Sportivo Invictus, la rassegna culturale promossa dalla casa editrice Lab DFG E giunta alla quarta edizione. La decisione \u00e8 stata presa all&#8217;unanimit\u00e0 dalla giuria del premio composta dai giornalisti sportivi Elisabetta Caporale, Italo Cucci, Matteo Marani, Sandro Fioravanti, Stefano [&hellip;]<\/p>\n","protected":false},"author":62,"featured_media":326268,"comment_status":"open","ping_status":"open","sticky":false,"template":"","format":"standard","meta":{"footnotes":""},"categories":[15,2424,17],"tags":[],"class_list":["post-326267","post","type-post","status-publish","format-standard","has-post-thumbnail","hentry","category-cultura","category-i-nostri-libri","category-sport"],"_links":{"self":[{"href":"https:\/\/www.radioluna.it\/news\/wp-json\/wp\/v2\/posts\/326267","targetHints":{"allow":["GET"]}}],"collection":[{"href":"https:\/\/www.radioluna.it\/news\/wp-json\/wp\/v2\/posts"}],"about":[{"href":"https:\/\/www.radioluna.it\/news\/wp-json\/wp\/v2\/types\/post"}],"author":[{"embeddable":true,"href":"https:\/\/www.radioluna.it\/news\/wp-json\/wp\/v2\/users\/62"}],"replies":[{"embeddable":true,"href":"https:\/\/www.radioluna.it\/news\/wp-json\/wp\/v2\/comments?post=326267"}],"version-history":[{"count":0,"href":"https:\/\/www.radioluna.it\/news\/wp-json\/wp\/v2\/posts\/326267\/revisions"}],"wp:featuredmedia":[{"embeddable":true,"href":"https:\/\/www.radioluna.it\/news\/wp-json\/wp\/v2\/media\/326268"}],"wp:attachment":[{"href":"https:\/\/www.radioluna.it\/news\/wp-json\/wp\/v2\/media?parent=326267"}],"wp:term":[{"taxonomy":"category","embeddable":true,"href":"https:\/\/www.radioluna.it\/news\/wp-json\/wp\/v2\/categories?post=326267"},{"taxonomy":"post_tag","embeddable":true,"href":"https:\/\/www.radioluna.it\/news\/wp-json\/wp\/v2\/tags?post=326267"}],"curies":[{"name":"wp","href":"https:\/\/api.w.org\/{rel}","templated":true}]}}