{"id":326272,"date":"2023-03-23T16:52:50","date_gmt":"2023-03-23T15:52:50","guid":{"rendered":"https:\/\/www.radioluna.it\/news\/?p=326272"},"modified":"2023-03-24T13:37:47","modified_gmt":"2023-03-24T12:37:47","slug":"incidente-mortale-sulla-pontina-ad-aprilia-perde-la-vita-un-motociclista-traffico-in-tilt","status":"publish","type":"post","link":"https:\/\/www.radioluna.it\/news\/2023\/03\/incidente-mortale-sulla-pontina-ad-aprilia-perde-la-vita-un-motociclista-traffico-in-tilt\/","title":{"rendered":"Incidente mortale sulla Pontina ad Aprilia, perde la vita un motociclista. Traffico in tilt"},"content":{"rendered":"<div id=\"fb-root\"><\/div>\n<p style=\"text-align: justify;\"><strong>APRILIA<\/strong> &#8211; \u00a0Tragico incidente stradale sulla Pontina ad Aprilia, dove gioved\u00ec pomeriggio, un uomo di 50 anni di Ardea ha perso la vita in sella alla sua moto Honda. Sar\u00e0 la polizia stradale di Latina intervenuta sul posto con due pattuglie a stabilire la dinamica dello scontro che si \u00e8 rivelato fatale per Maurizio Montisci e che ha coinvolto due moto e un\u2019auto al km 39, 700 lungo la corsia sud in direzione di Latina.<\/p>\n<p style=\"text-align: justify;\">Sulla 148 dopo l&#8217;impatto sono intervenuti i sanitari del 118, ma per il centauro non c&#8217;era gi\u00e0 pi\u00f9 nulla da fare.<\/p>\n<p style=\"text-align: justify;\">La strada \u00e8 stata a lungo chiusa con deviazione su Via Apriliana, un atto necessario per consentire le operazioni di soccorso e i successivi rilievi ma gli effetti sul traffico sono stati pesanti in un\u2019orario classico di rientro dal lavoro. Si sono formati fino a 10 chilometri di coda.<\/p>\n<p style=\"text-align: justify;\">Sul posto anche le squadre Anas.<\/p>\n","protected":false},"excerpt":{"rendered":"<p>APRILIA &#8211; \u00a0Tragico incidente stradale sulla Pontina ad Aprilia, dove gioved\u00ec pomeriggio, un uomo di 50 anni di Ardea ha perso la vita in sella alla sua moto Honda. Sar\u00e0 la polizia stradale di Latina intervenuta sul posto con due pattuglie a stabilire la dinamica dello scontro che si \u00e8 rivelato fatale per Maurizio Montisci [&hellip;]<\/p>\n","protected":false},"author":62,"featured_media":325468,"comment_status":"open","ping_status":"open","sticky":false,"template":"","format":"standard","meta":{"footnotes":""},"categories":[7],"tags":[],"class_list":["post-326272","post","type-post","status-publish","format-standard","has-post-thumbnail","hentry","category-cronaca"],"_links":{"self":[{"href":"https:\/\/www.radioluna.it\/news\/wp-json\/wp\/v2\/posts\/326272","targetHints":{"allow":["GET"]}}],"collection":[{"href":"https:\/\/www.radioluna.it\/news\/wp-json\/wp\/v2\/posts"}],"about":[{"href":"https:\/\/www.radioluna.it\/news\/wp-json\/wp\/v2\/types\/post"}],"author":[{"embeddable":true,"href":"https:\/\/www.radioluna.it\/news\/wp-json\/wp\/v2\/users\/62"}],"replies":[{"embeddable":true,"href":"https:\/\/www.radioluna.it\/news\/wp-json\/wp\/v2\/comments?post=326272"}],"version-history":[{"count":0,"href":"https:\/\/www.radioluna.it\/news\/wp-json\/wp\/v2\/posts\/326272\/revisions"}],"wp:featuredmedia":[{"embeddable":true,"href":"https:\/\/www.radioluna.it\/news\/wp-json\/wp\/v2\/media\/325468"}],"wp:attachment":[{"href":"https:\/\/www.radioluna.it\/news\/wp-json\/wp\/v2\/media?parent=326272"}],"wp:term":[{"taxonomy":"category","embeddable":true,"href":"https:\/\/www.radioluna.it\/news\/wp-json\/wp\/v2\/categories?post=326272"},{"taxonomy":"post_tag","embeddable":true,"href":"https:\/\/www.radioluna.it\/news\/wp-json\/wp\/v2\/tags?post=326272"}],"curies":[{"name":"wp","href":"https:\/\/api.w.org\/{rel}","templated":true}]}}