{"id":326495,"date":"2023-03-28T11:10:23","date_gmt":"2023-03-28T09:10:23","guid":{"rendered":"https:\/\/www.radioluna.it\/news\/?p=326495"},"modified":"2023-03-28T11:15:34","modified_gmt":"2023-03-28T09:15:34","slug":"latina-futura-a-sostegno-di-matilde-celentano","status":"publish","type":"post","link":"https:\/\/www.radioluna.it\/news\/2023\/03\/latina-futura-a-sostegno-di-matilde-celentano\/","title":{"rendered":"Latina Futura a sostegno di Matilde Celentano"},"content":{"rendered":"<div id=\"fb-root\"><\/div>\n<p style=\"text-align: justify;\"><strong>LATINA &#8211;<\/strong> In una nota\u00a0Latina Futura conferma la propria condivisione alla candidatura di <strong>Matilde Celentano<\/strong> a Sindaco del centro destra. &#8220;Ci auguriamo una prossima guida della citt\u00e0 che ponga nel proprio programma di governo i cinque punti espressi nel documento del Manifesto, considerazioni che rappresentano una base dalla quale partire per riflettere nel breve, medio e lungo periodo, sul futuro di Latina.\u00a0A sostegno di tale posizione e consci che l\u2019impegno deve necessariamente sostanziarsi di un\u2019esposizione in prima persona, Latina Futura ha manifestato fortemente la volont\u00e0 di contribuire al futuro governo della citt\u00e0. Volont\u00e0 prontamente accolta dalla compagine del centrodestra e nella quale, Latina Futura, esprimer\u00e0 delle candidature alla carica di consigliere comunale. Il confronto interno sui temi propri del dibattito in seno all\u2019associazione e i profili pi\u00f9 idonei a rappresentarli, costituiranno le discriminanti sulla scelta dei singoli che andranno a perorare le ragioni della discesa in campo nell\u2019agone della competizione elettorale. Profili che saranno resi noti all\u2019atto della sottoscrizione delle candidature&#8221;.<\/p>\n","protected":false},"excerpt":{"rendered":"<p>LATINA &#8211; In una nota\u00a0Latina Futura conferma la propria condivisione alla candidatura di Matilde Celentano a Sindaco del centro destra. &#8220;Ci auguriamo una prossima guida della citt\u00e0 che ponga nel proprio programma di governo i cinque punti espressi nel documento del Manifesto, considerazioni che rappresentano una base dalla quale partire per riflettere nel breve, medio [&hellip;]<\/p>\n","protected":false},"author":60,"featured_media":222372,"comment_status":"open","ping_status":"open","sticky":false,"template":"","format":"standard","meta":{"footnotes":""},"categories":[8],"tags":[],"class_list":["post-326495","post","type-post","status-publish","format-standard","has-post-thumbnail","hentry","category-politica"],"_links":{"self":[{"href":"https:\/\/www.radioluna.it\/news\/wp-json\/wp\/v2\/posts\/326495","targetHints":{"allow":["GET"]}}],"collection":[{"href":"https:\/\/www.radioluna.it\/news\/wp-json\/wp\/v2\/posts"}],"about":[{"href":"https:\/\/www.radioluna.it\/news\/wp-json\/wp\/v2\/types\/post"}],"author":[{"embeddable":true,"href":"https:\/\/www.radioluna.it\/news\/wp-json\/wp\/v2\/users\/60"}],"replies":[{"embeddable":true,"href":"https:\/\/www.radioluna.it\/news\/wp-json\/wp\/v2\/comments?post=326495"}],"version-history":[{"count":0,"href":"https:\/\/www.radioluna.it\/news\/wp-json\/wp\/v2\/posts\/326495\/revisions"}],"wp:featuredmedia":[{"embeddable":true,"href":"https:\/\/www.radioluna.it\/news\/wp-json\/wp\/v2\/media\/222372"}],"wp:attachment":[{"href":"https:\/\/www.radioluna.it\/news\/wp-json\/wp\/v2\/media?parent=326495"}],"wp:term":[{"taxonomy":"category","embeddable":true,"href":"https:\/\/www.radioluna.it\/news\/wp-json\/wp\/v2\/categories?post=326495"},{"taxonomy":"post_tag","embeddable":true,"href":"https:\/\/www.radioluna.it\/news\/wp-json\/wp\/v2\/tags?post=326495"}],"curies":[{"name":"wp","href":"https:\/\/api.w.org\/{rel}","templated":true}]}}