{"id":326568,"date":"2023-03-29T09:09:18","date_gmt":"2023-03-29T07:09:18","guid":{"rendered":"https:\/\/www.radioluna.it\/news\/?p=326568"},"modified":"2023-03-29T09:59:57","modified_gmt":"2023-03-29T07:59:57","slug":"acqua-si-al-bonus-idrico-per-le-fasce-fragili-ma-non-a-carico-degli-altri-utenti-pontini","status":"publish","type":"post","link":"https:\/\/www.radioluna.it\/news\/2023\/03\/acqua-si-al-bonus-idrico-per-le-fasce-fragili-ma-non-a-carico-degli-altri-utenti-pontini\/","title":{"rendered":"Acqua, s\u00ec al bonus idrico per le fasce fragili, ma non a carico degli altri utenti pontini"},"content":{"rendered":"<div id=\"fb-root\"><\/div>\n<p style=\"text-align: justify;\"><strong>LATINA &#8211; <\/strong>Il bonus idrico per il pi\u00f9 bisognosi \u00e8 all\u2019attenzione della conferenza dei sindaci dell\u2019Ato 4 che ne dovr\u00e0 discutere nella prossima seduta (dopo che quella del 15 marzo \u00e8 andata deserta). Cos\u00ec, in vista dell&#8217;appuntamento, tre associazioni del sud Pontino fanno i conti ad Acqualatina chiedendo che s\u00ec, la misura di solidariet\u00e0 venga riconosciuta, ma non a carico degli altri utenti.<\/p>\n<p style=\"text-align: justify;\">La richiesta arriva dalle Associazioni \u201cComunit\u00e0 Lazio Meridionale Isole Pontine\u201d e \u201cIncontri &amp; Confronti\u201d e da Lega SPI CGIL Sudpontino che ricordano come il bonus idrico a favore di chi versa in condizioni di disagio economico sia una misura giusta e chiedono che sia confermato per le annualit\u00e0 2021 e 2022, proponendo un bonus idrico integrativo locale agli stessi utenti ammessi al sistema nazionale di agevolazione, da utilizzare per raggiungere il quantitativo essenziale di acqua necessario al soddisfacimento dei fabbisogni fondamentali.<\/p>\n<p style=\"text-align: justify;\">Il problema semmai \u00e8 chi deve pagare questa agevolazione sociale. Non certo gli altri utenti attraverso nuovi aumenti tariffari &#8211; dicono in sostanza le associazioni &#8211; considerato che le tariffe sono cresciute gi\u00e0 del 13,5%. Ad incidere sulla lievitazione delle bollette, una morosit\u00e0 di 156,7 milioni di euro secondo l\u2019ultimo bilancio di Acqualatina, somma che l\u2019Arera (Autorit\u00e0 di regolazione per energia reti e ambiente) riconosce al gestore idrico di poter caricare in percentuale sugli utenti che gi\u00e0 pagano quanto dovuto. Un annoso problema al quale si aggiunge l&#8217;altro storico, quello delle perdite in rete.<\/p>\n<p style=\"text-align: justify;\">Le associazioni ricordano anche che gli aumenti sono dovuti anche ai costi energetici sostenuti per pompare acqua che per il 71% viene poi dispersa in rete.<\/p>\n<div class=\"radio-posizionamento-telefono-in-articoli-dopo-il-contenuto-articolo radio-entity-placement\" id=\"radio-2661757377\"><div id=\"radio-3228345766\"><a href=\"https:\/\/grupporedi.it\/\" aria-label=\"Redi-Qr\"><img loading=\"lazy\" decoding=\"async\" src=\"https:\/\/www.radioluna.it\/news\/wp-content\/uploads\/2026\/03\/Redi-Qr.jpg\" alt=\"\"  srcset=\"https:\/\/www.radioluna.it\/news\/wp-content\/uploads\/2026\/03\/Redi-Qr.jpg 800w, https:\/\/www.radioluna.it\/news\/wp-content\/uploads\/2026\/03\/Redi-Qr-768x639.jpg 768w\" sizes=\"(max-width: 800px) 100vw, 800px\" width=\"300\" height=\"250\"   \/><\/a><\/div><\/div>","protected":false},"excerpt":{"rendered":"<p>LATINA &#8211; Il bonus idrico per il pi\u00f9 bisognosi \u00e8 all\u2019attenzione della conferenza dei sindaci dell\u2019Ato 4 che ne dovr\u00e0 discutere nella prossima seduta (dopo che quella del 15 marzo \u00e8 andata deserta). Cos\u00ec, in vista dell&#8217;appuntamento, tre associazioni del sud Pontino fanno i conti ad Acqualatina chiedendo che s\u00ec, la misura di solidariet\u00e0 venga [&hellip;]<\/p>\n","protected":false},"author":62,"featured_media":214835,"comment_status":"open","ping_status":"open","sticky":false,"template":"","format":"standard","meta":{"footnotes":""},"categories":[735],"tags":[],"class_list":["post-326568","post","type-post","status-publish","format-standard","has-post-thumbnail","hentry","category-attualita"],"_links":{"self":[{"href":"https:\/\/www.radioluna.it\/news\/wp-json\/wp\/v2\/posts\/326568","targetHints":{"allow":["GET"]}}],"collection":[{"href":"https:\/\/www.radioluna.it\/news\/wp-json\/wp\/v2\/posts"}],"about":[{"href":"https:\/\/www.radioluna.it\/news\/wp-json\/wp\/v2\/types\/post"}],"author":[{"embeddable":true,"href":"https:\/\/www.radioluna.it\/news\/wp-json\/wp\/v2\/users\/62"}],"replies":[{"embeddable":true,"href":"https:\/\/www.radioluna.it\/news\/wp-json\/wp\/v2\/comments?post=326568"}],"version-history":[{"count":0,"href":"https:\/\/www.radioluna.it\/news\/wp-json\/wp\/v2\/posts\/326568\/revisions"}],"wp:featuredmedia":[{"embeddable":true,"href":"https:\/\/www.radioluna.it\/news\/wp-json\/wp\/v2\/media\/214835"}],"wp:attachment":[{"href":"https:\/\/www.radioluna.it\/news\/wp-json\/wp\/v2\/media?parent=326568"}],"wp:term":[{"taxonomy":"category","embeddable":true,"href":"https:\/\/www.radioluna.it\/news\/wp-json\/wp\/v2\/categories?post=326568"},{"taxonomy":"post_tag","embeddable":true,"href":"https:\/\/www.radioluna.it\/news\/wp-json\/wp\/v2\/tags?post=326568"}],"curies":[{"name":"wp","href":"https:\/\/api.w.org\/{rel}","templated":true}]}}