{"id":326574,"date":"2023-03-29T10:16:22","date_gmt":"2023-03-29T08:16:22","guid":{"rendered":"https:\/\/www.radioluna.it\/news\/?p=326574"},"modified":"2023-03-29T16:22:31","modified_gmt":"2023-03-29T14:22:31","slug":"latina-e-aeronautica-militare-il-prefetto-falco-legame-affettivo-e-culturale-le-foto","status":"publish","type":"post","link":"https:\/\/www.radioluna.it\/news\/2023\/03\/latina-e-aeronautica-militare-il-prefetto-falco-legame-affettivo-e-culturale-le-foto\/","title":{"rendered":"Latina e Aeronautica Militare, il Prefetto Falco: &#8220;Legame affettivo e culturale&#8221;  &#8211; LE FOTO"},"content":{"rendered":"<div id=\"fb-root\"><\/div>\n<p style=\"text-align: justify;\"><strong>LATINA<\/strong> &#8211; C\u2019\u00e8 un forte legame tra l\u2019Aeronautica militare e i cittadini della provincia di Latina. Lo ha sottolineato ieri il prefetto Maurizio Falco partecipando alle cerimonie per i 100 anni della Forza Armata nel giorno in cui la 4^ BTS DA \/ AV di Borgo Piave e il 70\u00b0 Stormo di Latina hanno aperto i cancelli al pubblico e alle scuole.<\/p>\n<p style=\"text-align: justify;\">\u201cIl legame affettivo e culturale che si \u00e8 potuto rinsaldare, tra i militari che sono venuti in questi ultimi tempi in terra pontina da tutte le parti d\u2019Italia, e le popolazioni autoctone, \u00e8 una eredit\u00e0 che vale la pena ribadire con la forza, a beneficio di tutti e in particolare dei giovani\u201d, ha detto il Prefetto che ha parlato durante l\u2019alzabandiera in piazza del Popolo partecipando con le altre autorit\u00e0 poi alla cerimonia al Monumento all\u2019Aviatore.<\/p>\n<p style=\"text-align: justify;\">Il Comandante della 4^ BTS DA\/AV, Generale di Brigata Sandro SANASI, ha sottolineato che \u201cle celebrazioni rappresentano l\u2019occasione per proiettarsi verso il futuro, mantenendo lo sguardo rivolto al passato. Ci\u00f2 che siamo oggi \u00e8 frutto di un lungo percorso intrapreso nel tempo, non privo di insidie e di difficolt\u00e0, un lavoro fatto di sacrificio, competenza, passione ed umilt\u00e0, condotto sempre con forte motivazione e nel rispetto dei nostri valori.\u201d<\/p>\n<p style=\"text-align: justify;\">Dal\u00a0 70\u00b0 Stormo, il comandante Colonnello Pilota Giuseppe BELLOMO, ha evidenziato che \u201cl&#8217;Aeronautica \u00e8 parte integrante della nostra storia, simbolo di eccellenza ed eleganza, una ricchezza del nostro Paese per competenze e capacit\u00e0 sia tecniche che umane, ma anche una delle pi\u00f9 belle immagini dell&#8217;Italia, un patrimonio di cui possiamo essere orgogliosi.\u201d\u00a0\u00a0Ha poi ringraziato tutti gli uomini ed alle donne in azzurro, che scelgono di servire senza esitazione il proprio Paese e di onorare giornalmente la divisa che indossano tenendo fede al giuramento prestato con immenso senso del dovere. \u201cSe abbiamo raggiunto tali risultati \u00e8 solo grazie alla piena collaborazione degli aviatori, dei militari, dei tecnici, che lavorano in aria ed a terra. Esempio di squadra, di etica, di unit\u00e0 di intenti e di piena collaborazione nel perseguire un obiettivo comune, esempio di valori di un&#8217;Italia che vuole e pu\u00f2 evolvere e crescere\u201d.<\/p>\n<p style=\"text-align: justify;\">\n<div class=\"radio-posizionamento-telefono-in-articoli-dopo-il-contenuto-articolo radio-entity-placement\" id=\"radio-1535053797\"><div id=\"radio-3448806076\"><a href=\"https:\/\/www.simeoneceramiche.com\/\" aria-label=\"SIMEONE CERAMICHE GIF animata per radioluna_Tavola disegno 1 copia 2 (online-video-cutter.com)\"><img loading=\"lazy\" decoding=\"async\" src=\"https:\/\/www.radioluna.it\/news\/wp-content\/uploads\/2025\/05\/SIMEONE-CERAMICHE-GIF-animata-per-radioluna_Tavola-disegno-1-copia-2-online-video-cutter.com_.gif\" alt=\"\"  width=\"300\" height=\"250\"   \/><\/a><\/div><\/div>","protected":false},"excerpt":{"rendered":"<p>LATINA &#8211; C\u2019\u00e8 un forte legame tra l\u2019Aeronautica militare e i cittadini della provincia di Latina. Lo ha sottolineato ieri il prefetto Maurizio Falco partecipando alle cerimonie per i 100 anni della Forza Armata nel giorno in cui la 4^ BTS DA \/ AV di Borgo Piave e il 70\u00b0 Stormo di Latina hanno aperto [&hellip;]<\/p>\n","protected":false},"author":62,"featured_media":326582,"comment_status":"open","ping_status":"open","sticky":false,"template":"","format":"gallery","meta":{"footnotes":""},"categories":[735,2311],"tags":[],"class_list":["post-326574","post","type-post","status-publish","format-gallery","has-post-thumbnail","hentry","category-attualita","category-foto","post_format-post-format-gallery"],"_links":{"self":[{"href":"https:\/\/www.radioluna.it\/news\/wp-json\/wp\/v2\/posts\/326574","targetHints":{"allow":["GET"]}}],"collection":[{"href":"https:\/\/www.radioluna.it\/news\/wp-json\/wp\/v2\/posts"}],"about":[{"href":"https:\/\/www.radioluna.it\/news\/wp-json\/wp\/v2\/types\/post"}],"author":[{"embeddable":true,"href":"https:\/\/www.radioluna.it\/news\/wp-json\/wp\/v2\/users\/62"}],"replies":[{"embeddable":true,"href":"https:\/\/www.radioluna.it\/news\/wp-json\/wp\/v2\/comments?post=326574"}],"version-history":[{"count":0,"href":"https:\/\/www.radioluna.it\/news\/wp-json\/wp\/v2\/posts\/326574\/revisions"}],"wp:featuredmedia":[{"embeddable":true,"href":"https:\/\/www.radioluna.it\/news\/wp-json\/wp\/v2\/media\/326582"}],"wp:attachment":[{"href":"https:\/\/www.radioluna.it\/news\/wp-json\/wp\/v2\/media?parent=326574"}],"wp:term":[{"taxonomy":"category","embeddable":true,"href":"https:\/\/www.radioluna.it\/news\/wp-json\/wp\/v2\/categories?post=326574"},{"taxonomy":"post_tag","embeddable":true,"href":"https:\/\/www.radioluna.it\/news\/wp-json\/wp\/v2\/tags?post=326574"}],"curies":[{"name":"wp","href":"https:\/\/api.w.org\/{rel}","templated":true}]}}