{"id":326598,"date":"2023-03-29T11:19:50","date_gmt":"2023-03-29T09:19:50","guid":{"rendered":"https:\/\/www.radioluna.it\/news\/?p=326598"},"modified":"2023-03-29T11:19:50","modified_gmt":"2023-03-29T09:19:50","slug":"nel-parco-dei-monti-ausoni-via-ai-corsi-di-addestramento-per-il-piano-di-controllo-dei-cinghiali","status":"publish","type":"post","link":"https:\/\/www.radioluna.it\/news\/2023\/03\/nel-parco-dei-monti-ausoni-via-ai-corsi-di-addestramento-per-il-piano-di-controllo-dei-cinghiali\/","title":{"rendered":"Nel Parco dei Monti Ausoni via ai corsi di addestramento per il Piano di controllo dei cinghiali"},"content":{"rendered":"<div id=\"fb-root\"><\/div>\n<p style=\"text-align: justify;\"><strong>FONDI &#8211;<\/strong> Chiss\u00e0 se il piano di controllo dei cinghiali nel Parco dei Monti Ausoni generer\u00e0 la stessa sollevazione popolare che si \u00e8 vista per i daini nel Parco Nazionale del Circeo. Dietro la dicitura &#8220;Emergenza sanitaria per l&#8217;eradicazione della peste suina africana&#8221;, infatti, partono i corsi di &#8220;coadiutore al controllo numerico del cinghiale&#8221; che prevede corsi di addestramento per i cacciatori e agricoltori proprietari e\/o conduttori di fondi ricadenti all\u2019 interno delle aree protette gestite dall\u2019Ente Parco. Una misura evidentemente necessaria.<\/p>\n<p style=\"text-align: justify;\">L\u2019Ente Parco Naturale Regionale Monti Ausoni e Lago di Fondi d\u2019intesa con la Direzione Ambiente della Regione Lazio e in collaborazione con esperti nella gestione faunistica &#8211; si legge in una nota dell&#8217;ente\u00a0 &#8211; al fine di contrastare la diffusione della peste suina africana attraverso diversi metodi quali il controllo numerico dei cinghiali, la cattura, l\u2019utilizzo di strumenti di dissuasione\/prevenzione, ha predisposto programmi formativi per cacciatori e agricoltori interessati ad essere coinvolti come coadiutori per il controllo numerico del cinghiale nelle aree protette gestite dall\u2019Ente Parco: Parco Regionale \u201cMonti Ausoni e Lago di Fondi\u201d; Riserva Regionale \u201cLago di Canterno\u201d ; Riserva naturale \u201cAntiche Citt\u00e0 di Fregellae e Fabrateria Nova e del Lago di San Giovanni Incarico\u201d.<\/p>\n<p style=\"text-align: justify;\">I corsi si terranno on-line, mentre la prova finale si svolger\u00e0 in presenza. Le domande dovranno essere trasmesse all\u2019indirizzo e-mail: parcoausoni@regione.lazio.it o tramite PEC all\u2019indirizzo:\u00a0parcomontiausoni@regione.lazio.legalmail.it, utilizzando il modello allegato.<\/p>\n<p style=\"text-align: justify;\">Le iscrizioni gratuite dovranno pervenire entro marted\u00ec 11 aprile 2023.<\/p>\n<p style=\"text-align: justify;\">Per informazioni e chiarimenti \u00e8 possibile contattare i dipendenti dott.ssa M. Rosaria Perna e dott. Francesco Repetto (tel. 0771-513644 e mail: mrperna@regione.lazio.it ; frepetto@regione.lazio.it ).<\/p>\n<div class=\"radio-posizionamento-telefono-in-articoli-dopo-il-contenuto-articolo radio-entity-placement\" id=\"radio-2631570671\"><div id=\"radio-2732656776\"><a href=\"https:\/\/grupporedi.it\/\" aria-label=\"Redi-Qr\"><img loading=\"lazy\" decoding=\"async\" src=\"https:\/\/www.radioluna.it\/news\/wp-content\/uploads\/2026\/03\/Redi-Qr.jpg\" alt=\"\"  srcset=\"https:\/\/www.radioluna.it\/news\/wp-content\/uploads\/2026\/03\/Redi-Qr.jpg 800w, https:\/\/www.radioluna.it\/news\/wp-content\/uploads\/2026\/03\/Redi-Qr-768x639.jpg 768w\" sizes=\"(max-width: 800px) 100vw, 800px\" width=\"300\" height=\"250\"   \/><\/a><\/div><\/div>","protected":false},"excerpt":{"rendered":"<p>FONDI &#8211; Chiss\u00e0 se il piano di controllo dei cinghiali nel Parco dei Monti Ausoni generer\u00e0 la stessa sollevazione popolare che si \u00e8 vista per i daini nel Parco Nazionale del Circeo. Dietro la dicitura &#8220;Emergenza sanitaria per l&#8217;eradicazione della peste suina africana&#8221;, infatti, partono i corsi di &#8220;coadiutore al controllo numerico del cinghiale&#8221; che [&hellip;]<\/p>\n","protected":false},"author":60,"featured_media":326599,"comment_status":"open","ping_status":"open","sticky":false,"template":"","format":"standard","meta":{"footnotes":""},"categories":[12],"tags":[],"class_list":["post-326598","post","type-post","status-publish","format-standard","has-post-thumbnail","hentry","category-ambiente"],"_links":{"self":[{"href":"https:\/\/www.radioluna.it\/news\/wp-json\/wp\/v2\/posts\/326598","targetHints":{"allow":["GET"]}}],"collection":[{"href":"https:\/\/www.radioluna.it\/news\/wp-json\/wp\/v2\/posts"}],"about":[{"href":"https:\/\/www.radioluna.it\/news\/wp-json\/wp\/v2\/types\/post"}],"author":[{"embeddable":true,"href":"https:\/\/www.radioluna.it\/news\/wp-json\/wp\/v2\/users\/60"}],"replies":[{"embeddable":true,"href":"https:\/\/www.radioluna.it\/news\/wp-json\/wp\/v2\/comments?post=326598"}],"version-history":[{"count":0,"href":"https:\/\/www.radioluna.it\/news\/wp-json\/wp\/v2\/posts\/326598\/revisions"}],"wp:featuredmedia":[{"embeddable":true,"href":"https:\/\/www.radioluna.it\/news\/wp-json\/wp\/v2\/media\/326599"}],"wp:attachment":[{"href":"https:\/\/www.radioluna.it\/news\/wp-json\/wp\/v2\/media?parent=326598"}],"wp:term":[{"taxonomy":"category","embeddable":true,"href":"https:\/\/www.radioluna.it\/news\/wp-json\/wp\/v2\/categories?post=326598"},{"taxonomy":"post_tag","embeddable":true,"href":"https:\/\/www.radioluna.it\/news\/wp-json\/wp\/v2\/tags?post=326598"}],"curies":[{"name":"wp","href":"https:\/\/api.w.org\/{rel}","templated":true}]}}