{"id":326601,"date":"2023-03-29T11:30:45","date_gmt":"2023-03-29T09:30:45","guid":{"rendered":"https:\/\/www.radioluna.it\/news\/?p=326601"},"modified":"2023-03-29T11:30:45","modified_gmt":"2023-03-29T09:30:45","slug":"letture-al-tramonto-presenta-il-libro-di-mario-leone-la-mia-solitaria-fierezza-altiero-spinelli","status":"publish","type":"post","link":"https:\/\/www.radioluna.it\/news\/2023\/03\/letture-al-tramonto-presenta-il-libro-di-mario-leone-la-mia-solitaria-fierezza-altiero-spinelli\/","title":{"rendered":"Letture al tramonto presenta il libro di Mario Leone La mia solitaria fierezza. Altiero Spinelli."},"content":{"rendered":"<div id=\"fb-root\"><\/div>\n<p style=\"text-align: justify;\"><strong>LATINA &#8211;<\/strong> Continua \u201cLetture al tramonto&#8230; in giardino\u201d, la nuova rassegna della Casa Editrice Atlantide Editore, patrocinata dalla Regione Lazio e realizzata in collaborazione con l\u2019Associazione Valore Rete di Impresa che apre alla citt\u00e0 e alla cultura il giardino della societ\u00e0 consortile T-Tauri.<br \/>\nIl nuovo appuntamento \u00e8 con il libro di Mario Leone <em>La mia solitaria fierezza. Altiero Spinelli. Le carte del confino politico di Ponza e Ventotene dell&#8217;Archivio di Stato di Latina<\/em>. &#8220;Un volume che\u00a0 &#8211; spiega l&#8217;editore Dario Petti &#8211; restituisce visibilit\u00e0 ai documenti del confino contenuti nei fascicoli personali di Spinelli conservati presso l\u2019Archivio di Stato di Latina e che sar\u00e0 presentato dall\u2019Autore, il prossimo 31 marzo, alle ore 17.00 nel giardino dell\u2019azienda T-Tauri al Km 74 della via Pontina (stradina adiacente il distributore Esso).<\/p>\n<p style=\"text-align: justify;\">&#8220;Era la fine degli anni Trenta del Novecento e sulle Isole pontine si spendeva la vita di tanti confinati dal regime fascista. Tra questi proprio Altiero Spinelli, uno dei padri dell\u2019Europa unita. Condannato a pi\u00f9 di 16 anni di carcere, limitato nella libert\u00e0 sulle isole di Ponza prima e di Ventotene dopo, Spinelli ha attraversato la storia italiana ed europea diventandone uno dei protagonisti assoluti&#8221;, \u00e8 l&#8217;incipit del libro che sar\u00e0 anche l&#8217;occasione per scoprire il lato pi\u00f9 umano di Spinelli, la vita dei condannati al confino, il forte legame che ha spinto Spinelli a chiedere che le sue ceneri riposassero sull&#8217;isola pontina.<\/p>\n<p style=\"text-align: justify;\">\u201cGuardavo sparire l\u2019isola nella quale avevo raggiunto il fondo della solitudine,\u201d scrisse quando finalmente torn\u00f2 libero, \u201cmi ero imbattuto nelle amicizie decisive della mia vita, avevo fatto la fame, avevo contemplato come da un lontano loggione la tragedia della Seconda guerra mondiale, avevo tirato le somme finali di quel che ero andato meditando durante sedici anni, avevo scoperto l\u2019abisso della rassegnazione, la virt\u00f9 del distacco, il piacere del pensar pulito, l\u2019ebbrezza della creazione politica, il fremito dell\u2019apparire delle cose impossibili\u201d.<br \/>\nNel testo di Mario Leone, nel Movimento Federalista Europeo (MFE) dal 1991\u00a0e attualmente direttore dell\u2019Istituto di Studi Federalisti \u201cAltiero Spinelli\u201d, l\u2019introduzione dell\u2019Autore e i colloqui con Edmondo Paolini e Piero Graglia conducono per mano il lettore nella vita al confino di Spinelli, periodo in cui egli matur\u00f2 il pensiero che lo accompagn\u00f2 \u201calle porte della citt\u00e0 democratica\u201d, dove realizz\u00f2 il \u201cManifesto di Ventotene\u201d.<\/p>\n","protected":false},"excerpt":{"rendered":"<p>LATINA &#8211; Continua \u201cLetture al tramonto&#8230; in giardino\u201d, la nuova rassegna della Casa Editrice Atlantide Editore, patrocinata dalla Regione Lazio e realizzata in collaborazione con l\u2019Associazione Valore Rete di Impresa che apre alla citt\u00e0 e alla cultura il giardino della societ\u00e0 consortile T-Tauri. Il nuovo appuntamento \u00e8 con il libro di Mario Leone La mia [&hellip;]<\/p>\n","protected":false},"author":62,"featured_media":326602,"comment_status":"open","ping_status":"open","sticky":false,"template":"","format":"standard","meta":{"footnotes":""},"categories":[16,2424],"tags":[],"class_list":["post-326601","post","type-post","status-publish","format-standard","has-post-thumbnail","hentry","category-appuntamenti","category-i-nostri-libri"],"_links":{"self":[{"href":"https:\/\/www.radioluna.it\/news\/wp-json\/wp\/v2\/posts\/326601","targetHints":{"allow":["GET"]}}],"collection":[{"href":"https:\/\/www.radioluna.it\/news\/wp-json\/wp\/v2\/posts"}],"about":[{"href":"https:\/\/www.radioluna.it\/news\/wp-json\/wp\/v2\/types\/post"}],"author":[{"embeddable":true,"href":"https:\/\/www.radioluna.it\/news\/wp-json\/wp\/v2\/users\/62"}],"replies":[{"embeddable":true,"href":"https:\/\/www.radioluna.it\/news\/wp-json\/wp\/v2\/comments?post=326601"}],"version-history":[{"count":0,"href":"https:\/\/www.radioluna.it\/news\/wp-json\/wp\/v2\/posts\/326601\/revisions"}],"wp:featuredmedia":[{"embeddable":true,"href":"https:\/\/www.radioluna.it\/news\/wp-json\/wp\/v2\/media\/326602"}],"wp:attachment":[{"href":"https:\/\/www.radioluna.it\/news\/wp-json\/wp\/v2\/media?parent=326601"}],"wp:term":[{"taxonomy":"category","embeddable":true,"href":"https:\/\/www.radioluna.it\/news\/wp-json\/wp\/v2\/categories?post=326601"},{"taxonomy":"post_tag","embeddable":true,"href":"https:\/\/www.radioluna.it\/news\/wp-json\/wp\/v2\/tags?post=326601"}],"curies":[{"name":"wp","href":"https:\/\/api.w.org\/{rel}","templated":true}]}}