{"id":326632,"date":"2023-03-29T15:55:27","date_gmt":"2023-03-29T13:55:27","guid":{"rendered":"https:\/\/www.radioluna.it\/news\/?p=326632"},"modified":"2023-03-29T15:55:27","modified_gmt":"2023-03-29T13:55:27","slug":"venerdi-a-latina-gli-stati-generali-dellenergia-organizzati-da-cethegus","status":"publish","type":"post","link":"https:\/\/www.radioluna.it\/news\/2023\/03\/venerdi-a-latina-gli-stati-generali-dellenergia-organizzati-da-cethegus\/","title":{"rendered":"Venerd\u00ec a Latina gli Stati generali dell&#8217;Energia organizzati da Cethegus"},"content":{"rendered":"<div id=\"fb-root\"><\/div>\n<p style=\"text-align: justify;\"><strong>LATINA &#8211;<\/strong> Il tema delle comunit\u00e0 energetiche rinnovabili \u00e8 al centro degli Stati generali dell\u2019Energia, organizzati da Cethegus scpa, venerd\u00ec 31 marzo, a partire dalle ore 10 presso l\u2019I.S.S. San Benedetto di Borgo Piave a Latina.<br \/>\nL\u2019obiettivo dell\u2019evento, dal titolo &#8216;Le Comunit\u00e0 energetiche e sviluppo sostenibile&#8217;, \u00e8 quello di approfondire il tema delle comunit\u00e0 energetiche come strumento fondamentale per guidare la transizione energetica nei territori, con un\u2019attenzione particolare verso il ruolo di cittadini e comunit\u00e0.<br \/>\nLa formula adottata \u00e8 quella della tavola rotonda alla quale prenderanno parte esponenti del governo Meloni, della Regione Lazio e autorit\u00e0 politiche, istituzionali, europee e nazionali.<br \/>\nI lavori saranno introdotti dal giornalista Marco Frittella, direttore di RAI Libri. Interverranno in qualit\u00e0 di relatori\u00a0il senatore Nicola Calandrini, Presidente della commissione Programmazione economica e Bilancio del Senato della Repubblica; l\u2019on.Enrico Tiero, consigliere regionale del Lazio; Gerardo Stefanelli, presidente della Provincia di Latina; l\u2019ing. Valerio Lombardi AD Next Green Planet; l\u2019on. Roberta Angelilli, vicepresidente della Regione Lazio e Assessore allo Sviluppo Economico; l\u2019on. Francesco Lollobrigida Ministro delle Politiche Agricole e Foreste (che invier\u00e0 un videomessaggio); l\u2019on.Cosimo Latronico, Assessore all\u2019Ambiente ed Energia della Regione Basilicata; l\u2019Ing. Luigi Ucci AD &amp; Founder Upsidetown &#8211; Piattaforma di Crowdfunding; Giancarlo Vinacci, Head Advisory Board Assonautica Italiana\/UnionCamere; Giovanni Galletti, Consiglio nazionale dottori commercialisti; Marco Pecchinotti, Consigliere Delegato P&amp;G SGR SpA; Stefano Di Rosa, Direttore generale del Consorzio Parco Scientifico e Tecnologico Pontino; Aldo Forte, Head of European Institutional Affairs and Funding at Enel Group; Manuela Rafaiani, CdA Fondazione Symbola, CEO Strategic Partners; Gian Marco Martini, ad Todini Costruzioni Generali S.p.A. e l\u2019on. Matteo Adinolfi Europarlamentare Gruppo ID (Identit\u00e0 e democrazia).<br \/>\n\u201cC\u2019\u00e8 l\u2019assoluta necessit\u00e0 ed urgenza di diffondere nel pi\u00f9 breve tempo possibile lo strumento delle Comunit\u00e0 energetiche rinnovabili \u2013afferma Leonardo Valle, presidente di Cethegus scpa, il soggetto organizzatore dell\u2019evento- c\u2019\u00e8 purtroppo incertezza sul quadro delle norme e sui complessi adempimenti burocratici. In particolare, va colmato il ritardo accumulato nell\u2019approvazione dei decreti attuativi. Nel Paese si pu\u00f2 creare un\u2019alleanza tra societ\u00e0, imprese, cittadini e istituzioni. \u00a0Sul piano locale occorre focalizzare l\u2019attenzione sui Comuni, che vengono individuati come soggetti aggregatori privilegiati delle potenziali comunit\u00e0 da costituire. Il ruolo di Latina pu\u00f2 essere importante, perch\u00e9 \u00e8 tra le citt\u00e0 all\u2019avanguardia nella costituzione di CER. Il capoluogo pontino pu\u00f2 e deve mantenere un vantaggio rispetto ad altre realt\u00e0, almeno in questo settore\u201d.<br \/>\nNel corso dell\u2019assise verranno analizzati gli aspetti legati all\u2019innovazione tecnologica, all\u2019economia circolare, alle nuove filiere eco-sostenibili, alle opportunit\u00e0 di investimento nel Lazio fra progetti e necessit\u00e0 del mondo economico.<br \/>\nGli Stati Generali dell\u2019Energia intendono porsi come una piattaforma di incontro aperta a tutti gli attori impegnati a favore di un utilizzo sempre pi\u00f9 razionale ed efficiente dell\u2019energia.<br \/>\nCome \u00e8 noto nei prossimi anni sar\u00e0 necessario un grande investimento infrastrutturale per migliorare l&#8217;efficienza energetica puntando sull&#8217;indipendenza della produzione e sulle fonti di energia rinnovabile, senza trascurare l\u2019utilizzo di nuove soluzioni tecnologiche con l&#8217;intento di tutelare l&#8217;ambiente. L\u2019energia deve diventare sempre pi\u00f9 un&#8217;opportunit\u00e0 per lo sviluppo dell&#8217;economia e per creare occupazione.<br \/>\nL\u2019appuntamento del 31 marzo rappresenta dunque un\u2019opportunit\u00e0 per mettere a confronto esperienze e best practice, con l\u2019obiettivo di rispondere alle sfide del futuro focalizzate sull\u2019innovazione, la ricerca tecnologica e lo sviluppo di soluzioni sempre pi\u00f9 orientate alla sostenibilit\u00e0 e all\u2019efficienza energetica.<br \/>\nIn particolare, le comunit\u00e0 di energia rinnovabili (CER) rappresentano una forma energetica collaborativa, incentrata su un sistema di scambio locale, capace di agevolare lo sviluppo sostenibile e ridurre la dipendenza energetica dal sistema elettrico nazionale. Il loro funzionamento si basa sul coinvolgimento di una serie di soggetti privati e\/o pubblici, i quali costituiscono un ente legale per produrre energia elettrica attraverso fonti rinnovabili. Dotati di un proprio impianto per la generazione di energia elettrica per l\u2019autoconsumo, ciascun utente cede la parte di energia in eccesso agli altri soggetti collegati alla smart grid: un\u2019infrastruttura intelligente che collega tutti i soggetti della comunit\u00e0 energetica.<br \/>\nUna volta messo in esercizio l\u2019impianto, la comunit\u00e0 pu\u00f2 fare istanza al Gestore dei Servizi Energetici (GSE) per ottenere gli incentivi previsti dalla legge. Tali incentivi non sono riconosciuti a tutta la quantit\u00e0 di energia prodotta, ma solamente a quella condivisa all\u2019interno della comunit\u00e0. Ogni comunit\u00e0, attraverso la stipula di un contratto di diritto privato, stabilisce infine come ripartire fra i vari membri i ricavi derivanti dall\u2019energia prodotta.<br \/>\nSecondo i dati del Politecnico di Milano, entro il 2025 in Italia saranno attive all\u2019incirca 40mila comunit\u00e0 energetiche di diverso tipo e dimensione. Il numero delle famiglie coinvolte in progetti di autoproduzione e autoconsumo dell\u2019energia arriver\u00e0 a 1,2 milioni, 200 gli uffici e 10mila le PMI. A quel punto, \u00e8 calcolabile che la riduzione dei costi di distribuzione e trasmissione a carico dell\u2019utente finale sar\u00e0 di 720 milioni di euro e questo innescher\u00e0 un\u2019ulteriore accelerazione che potrebbe far aumentare oltre quota 100.000 il numero complessivo delle energy communities italiane.<br \/>\nLe principali ragioni per prendere parte a una Comunit\u00e0 Energetica sono il risparmio, la garanzia di indipendenza e sicurezza energetica sul territorio. Non mancano le aspettative positive in termini di impatti sulla societ\u00e0 e sull\u2019ambiente, quali l\u2019adozione di un modello pi\u00f9 sostenibile, la lotta alla povert\u00e0 energetica, il rafforzamento dei legami di comunit\u00e0.<br \/>\nLuogo prescelto come hosting institution \u00e8 l&#8217;Istituto Professionale per l&#8217;Agricoltura e l&#8217;Ambiente San Benedetto di Latina. Un plesso innovativo che racchiude al suo interno un indirizzo tecnico professionale agrario, alberghiero e chimico.<br \/>\nSi tratta di una grande struttura d\u2019eccellenza nel sistema scolastico regionale, impegnata a formare cittadini consapevoli in grado di poter essere determinanti nei processi di transizione digitale ed ecologica dell&#8217;Italia di domani.<\/p>\n<p>&nbsp;<\/p>\n","protected":false},"excerpt":{"rendered":"<p>LATINA &#8211; Il tema delle comunit\u00e0 energetiche rinnovabili \u00e8 al centro degli Stati generali dell\u2019Energia, organizzati da Cethegus scpa, venerd\u00ec 31 marzo, a partire dalle ore 10 presso l\u2019I.S.S. San Benedetto di Borgo Piave a Latina. L\u2019obiettivo dell\u2019evento, dal titolo &#8216;Le Comunit\u00e0 energetiche e sviluppo sostenibile&#8217;, \u00e8 quello di approfondire il tema delle comunit\u00e0 energetiche [&hellip;]<\/p>\n","protected":false},"author":60,"featured_media":0,"comment_status":"open","ping_status":"open","sticky":false,"template":"","format":"standard","meta":{"footnotes":""},"categories":[16],"tags":[],"class_list":["post-326632","post","type-post","status-publish","format-standard","hentry","category-appuntamenti"],"_links":{"self":[{"href":"https:\/\/www.radioluna.it\/news\/wp-json\/wp\/v2\/posts\/326632","targetHints":{"allow":["GET"]}}],"collection":[{"href":"https:\/\/www.radioluna.it\/news\/wp-json\/wp\/v2\/posts"}],"about":[{"href":"https:\/\/www.radioluna.it\/news\/wp-json\/wp\/v2\/types\/post"}],"author":[{"embeddable":true,"href":"https:\/\/www.radioluna.it\/news\/wp-json\/wp\/v2\/users\/60"}],"replies":[{"embeddable":true,"href":"https:\/\/www.radioluna.it\/news\/wp-json\/wp\/v2\/comments?post=326632"}],"version-history":[{"count":0,"href":"https:\/\/www.radioluna.it\/news\/wp-json\/wp\/v2\/posts\/326632\/revisions"}],"wp:attachment":[{"href":"https:\/\/www.radioluna.it\/news\/wp-json\/wp\/v2\/media?parent=326632"}],"wp:term":[{"taxonomy":"category","embeddable":true,"href":"https:\/\/www.radioluna.it\/news\/wp-json\/wp\/v2\/categories?post=326632"},{"taxonomy":"post_tag","embeddable":true,"href":"https:\/\/www.radioluna.it\/news\/wp-json\/wp\/v2\/tags?post=326632"}],"curies":[{"name":"wp","href":"https:\/\/api.w.org\/{rel}","templated":true}]}}