{"id":326668,"date":"2023-03-30T10:01:24","date_gmt":"2023-03-30T08:01:24","guid":{"rendered":"https:\/\/www.radioluna.it\/news\/?p=326668"},"modified":"2023-03-30T10:01:24","modified_gmt":"2023-03-30T08:01:24","slug":"comunali-a-latina-tiero-con-matilde-celentano-per-il-rilancio-della-citta","status":"publish","type":"post","link":"https:\/\/www.radioluna.it\/news\/2023\/03\/comunali-a-latina-tiero-con-matilde-celentano-per-il-rilancio-della-citta\/","title":{"rendered":"Comunali a Latina, Tiero: &#8220;Con Matilde Celentano per il rilancio della citt\u00e0&#8221;"},"content":{"rendered":"<div id=\"fb-root\"><\/div>\n<p style=\"text-align: justify;\"><strong>LATINA &#8211;<\/strong> \u201cNon potevo non iniziare la campagna elettorale per le comunali senza il nostro candidato sindaco. Ringrazio Matilde Celentano per la sua presenza all\u2019inaugurazione del point elettorale di via Sezze. Sono convinto che faremo strada insieme e per il bene di Latina. Ho deciso di mettermi nuovamente a disposizione della citt\u00e0 dove sono nato e cresciuto e che intendo servire. A mio parere occorre ridare speranza ad un capoluogo piombato nel degrado in questi ultimi anni. C\u2019\u00e8 la necessit\u00e0 di migliorare la qualit\u00e0 di vita e dei servizi. In \u00a0troppi settori, la citt\u00e0 ha perso credibilit\u00e0. Per oltre 6 anni Latina \u00e8 stata male amministrata da una gestione incapace, che ha fallito l\u2019obiettivo di riportare al centro la gente di questo territorio.<br \/>\nPensiamo ai rifiuti e ai ritardi nella raccolta differenziata. Il piano industriale di Abc fa acqua da tutte le parti. Per non parlare delle opere incompiute, come la Cittadella giudiziaria. Basta guardare, poi in pieno centro storico, lo scheletro del Key, che grida vendetta.<br \/>\nBisogna cogliere le occasioni che si profilano in ambito socio-economico. Credo nell\u2019utilit\u00e0 dei fondi del Pnrr per la transizione digitale, ecologica e il tema dell\u2019inclusione sociale. In particolare urge una modernizzazione della rete, che comporti grandi investimenti in infrastrutture digitali, oggi purtroppo particolarmente carenti. Sono disponibili risorse per potenziare il settore turistico alle voci sostenibilit\u00e0, ricettivit\u00e0 e green. Dobbiamo creare le condizioni per intercettare questi fondi cercando finalmente di esportare il modello turistico di Latina. Noi dobbiamo puntare sulla valorizzazione della nostra storia, ma soprattutto occorre portare avanti una politica del turismo costiero, attraverso iniziative che, come dimostra il progetto Cethegus, si possono realizzare solo facendo sistema.<br \/>\nE\u2019 quindi urgente mettere mano ai contratti di quartiere, sperando non sia troppo tardi. In sette anni di governo cittadino, chi doveva riscrivere il nuovo libro basato sulla legalit\u00e0, la trasparenza e la tenuta dei conti, ha solo rischiato di far perdere alla citt\u00e0 quasi 25 milioni di euro che potrebbero completamente cambiare il volto dei quartieri Nicolosi, Trieste e di Latina Scalo.<br \/>\nSar\u00e0 importante portare avanti battaglie che devono essere condivise da tutti, in primis la realizzazione di alcune grandi opere imprescindibili per la crescita della citt\u00e0. Mi riferisco al nuovo ospedale di Latina, che dovr\u00e0 essere edificato nella zona di Borgo Piave. Una nuova struttura assolutamente necessaria per migliorare la qualit\u00e0 dei servizi sanitari. Cos\u00ec come ritengo doveroso insistere sull\u2019avvio dei lavori per le opere infrastrutturali, l\u2019autostrada Roma-Latina e la stessa Cisterna-Valmontone.<br \/>\nLa storia della nostra citt\u00e0, fatta di esaltanti momenti e di grandi sacrifici, di straordinari esempi di civilt\u00e0 e di cultura urbanistica, deve rappresentare la base su cui costruire un\u2019idea forte di futuro, mettendo al centro di tutto l\u2019uomo, il cittadino, l\u2019interesse pubblico. Per questo io credo che occorra un rilancio vero, con i fatti\u201d.<br \/>\nLo dichiara in una nota Raimondo Tiero, candidato di FdI al Consiglio comunale di Latina<\/p>\n","protected":false},"excerpt":{"rendered":"<p>LATINA &#8211; \u201cNon potevo non iniziare la campagna elettorale per le comunali senza il nostro candidato sindaco. Ringrazio Matilde Celentano per la sua presenza all\u2019inaugurazione del point elettorale di via Sezze. Sono convinto che faremo strada insieme e per il bene di Latina. Ho deciso di mettermi nuovamente a disposizione della citt\u00e0 dove sono nato [&hellip;]<\/p>\n","protected":false},"author":60,"featured_media":300667,"comment_status":"open","ping_status":"open","sticky":false,"template":"","format":"standard","meta":{"footnotes":""},"categories":[8],"tags":[],"class_list":["post-326668","post","type-post","status-publish","format-standard","has-post-thumbnail","hentry","category-politica"],"_links":{"self":[{"href":"https:\/\/www.radioluna.it\/news\/wp-json\/wp\/v2\/posts\/326668","targetHints":{"allow":["GET"]}}],"collection":[{"href":"https:\/\/www.radioluna.it\/news\/wp-json\/wp\/v2\/posts"}],"about":[{"href":"https:\/\/www.radioluna.it\/news\/wp-json\/wp\/v2\/types\/post"}],"author":[{"embeddable":true,"href":"https:\/\/www.radioluna.it\/news\/wp-json\/wp\/v2\/users\/60"}],"replies":[{"embeddable":true,"href":"https:\/\/www.radioluna.it\/news\/wp-json\/wp\/v2\/comments?post=326668"}],"version-history":[{"count":0,"href":"https:\/\/www.radioluna.it\/news\/wp-json\/wp\/v2\/posts\/326668\/revisions"}],"wp:featuredmedia":[{"embeddable":true,"href":"https:\/\/www.radioluna.it\/news\/wp-json\/wp\/v2\/media\/300667"}],"wp:attachment":[{"href":"https:\/\/www.radioluna.it\/news\/wp-json\/wp\/v2\/media?parent=326668"}],"wp:term":[{"taxonomy":"category","embeddable":true,"href":"https:\/\/www.radioluna.it\/news\/wp-json\/wp\/v2\/categories?post=326668"},{"taxonomy":"post_tag","embeddable":true,"href":"https:\/\/www.radioluna.it\/news\/wp-json\/wp\/v2\/tags?post=326668"}],"curies":[{"name":"wp","href":"https:\/\/api.w.org\/{rel}","templated":true}]}}