{"id":326693,"date":"2023-03-30T15:52:53","date_gmt":"2023-03-30T13:52:53","guid":{"rendered":"https:\/\/www.radioluna.it\/news\/?p=326693"},"modified":"2023-03-30T16:21:20","modified_gmt":"2023-03-30T14:21:20","slug":"enrico-tiero-eletto-presidente-della-commissione-sviluppo-economico","status":"publish","type":"post","link":"https:\/\/www.radioluna.it\/news\/2023\/03\/enrico-tiero-eletto-presidente-della-commissione-sviluppo-economico\/","title":{"rendered":"Enrico Tiero eletto Presidente della Commissione Sviluppo economico"},"content":{"rendered":"<div id=\"fb-root\"><\/div>\n<p style=\"text-align: justify;\"><strong>LATINA<\/strong> &#8211; <strong>Il consigliere regionale pontino di Fratelli d&#8217;Italia Enrico Tiero<\/strong> \u00e8 stato eletto <strong>presidente della commissione Sviluppo economico e attivit\u00e0 produttive<\/strong>, start-up, commercio, artigianato, industria, tutela dei consumatori, ricerca e innovazione della Regione Lazio.<\/p>\n<p style=\"text-align: justify;\">\u00ab Sono onorato\u00a0 &#8211; ha commentato l&#8217;esponente politico\u00a0 &#8211; Mi metter\u00f2 subito al lavoro per creare le condizioni per la crescita e lo sviluppo della nostra splendida regione. Sar\u00e0 un piacere lavorare a stretto contatto ed in modo sinergico con l&#8217;assessore Roberta Angelilli, cui mi lega grande amicizia e stima profonda. Intendo essere presidente e garante di tutti, anche di chi non mi ha votato. Credo che occorra rispettare chi la pensa in maniera diversa. Favorir\u00f2 il dialogo fra maggioranza ed opposizione all\u2019interno della commissione. L\u2019obiettivo \u00e8 quello di fare gli interessi dei cittadini del Lazio. Sar\u00f2 garante delle esigenze di chi risiede nella Capitale come pure degli abitanti delle province. E\u2019 necessario trovare una sintesi fra le diverse necessit\u00e0. E\u2019 auspicabile che vi sia in commissione un confronto diretto, non sulle teorie, ma sulla realt\u00e0, sulle competenze, perch\u00e9 le imprese non hanno bisogno di teoria: devono misurarsi, ogni giorno, con i mercati. La vicinanza al sistema imprenditoriale forma una cultura del pragmatismo che \u00e8 utile specialmente in questa fase. Perch\u00e9 lo sviluppo economico lo fanno le imprese, non la politica. Mi impegner\u00f2 nella lotta contro le lungaggini burocratiche che frenano le imprese e portano molti imprenditori a trasferire altrove nuove occasioni di sviluppo. Condivido in tal senso le parole del presidente Francesco Rocca, che nel corso del suo intervento sulle linee programmatiche, relativamente alla semplificazione, ha detto di voler puntare sulla liberalizzazione delle attivit\u00e0 e sulla reingegnerizzazione dei processi amministrativi. Occorre favorire l&#8217;internazionalizzazione delle imprese, incentivare i processi di innovazione tecnologica e le sinergie tra i soggetti pubblici e privati. Dinamismo e capacit\u00e0 di reazione di fronte ai nuovi scenari sono caratteristiche fondamentali per sopravvivere. Il nostro principale ruolo deve essere quello di fornire un quadro ideale di fiducia e di certezza alle imprese, perch\u00e9 possano operare al meglio\u00bb.<\/p>\n<p>&nbsp;<\/p>\n","protected":false},"excerpt":{"rendered":"<p>LATINA &#8211; Il consigliere regionale pontino di Fratelli d&#8217;Italia Enrico Tiero \u00e8 stato eletto presidente della commissione Sviluppo economico e attivit\u00e0 produttive, start-up, commercio, artigianato, industria, tutela dei consumatori, ricerca e innovazione della Regione Lazio. \u00ab Sono onorato\u00a0 &#8211; ha commentato l&#8217;esponente politico\u00a0 &#8211; Mi metter\u00f2 subito al lavoro per creare le condizioni per la [&hellip;]<\/p>\n","protected":false},"author":60,"featured_media":326694,"comment_status":"open","ping_status":"open","sticky":false,"template":"","format":"standard","meta":{"footnotes":""},"categories":[8],"tags":[],"class_list":["post-326693","post","type-post","status-publish","format-standard","has-post-thumbnail","hentry","category-politica"],"_links":{"self":[{"href":"https:\/\/www.radioluna.it\/news\/wp-json\/wp\/v2\/posts\/326693","targetHints":{"allow":["GET"]}}],"collection":[{"href":"https:\/\/www.radioluna.it\/news\/wp-json\/wp\/v2\/posts"}],"about":[{"href":"https:\/\/www.radioluna.it\/news\/wp-json\/wp\/v2\/types\/post"}],"author":[{"embeddable":true,"href":"https:\/\/www.radioluna.it\/news\/wp-json\/wp\/v2\/users\/60"}],"replies":[{"embeddable":true,"href":"https:\/\/www.radioluna.it\/news\/wp-json\/wp\/v2\/comments?post=326693"}],"version-history":[{"count":0,"href":"https:\/\/www.radioluna.it\/news\/wp-json\/wp\/v2\/posts\/326693\/revisions"}],"wp:featuredmedia":[{"embeddable":true,"href":"https:\/\/www.radioluna.it\/news\/wp-json\/wp\/v2\/media\/326694"}],"wp:attachment":[{"href":"https:\/\/www.radioluna.it\/news\/wp-json\/wp\/v2\/media?parent=326693"}],"wp:term":[{"taxonomy":"category","embeddable":true,"href":"https:\/\/www.radioluna.it\/news\/wp-json\/wp\/v2\/categories?post=326693"},{"taxonomy":"post_tag","embeddable":true,"href":"https:\/\/www.radioluna.it\/news\/wp-json\/wp\/v2\/tags?post=326693"}],"curies":[{"name":"wp","href":"https:\/\/api.w.org\/{rel}","templated":true}]}}