{"id":326696,"date":"2023-03-30T16:10:30","date_gmt":"2023-03-30T14:10:30","guid":{"rendered":"https:\/\/www.radioluna.it\/news\/?p=326696"},"modified":"2023-03-30T16:21:02","modified_gmt":"2023-03-30T14:21:02","slug":"vittorio-sambucci-vicepresidente-della-commissione-agricoltura-e-ambiente","status":"publish","type":"post","link":"https:\/\/www.radioluna.it\/news\/2023\/03\/vittorio-sambucci-vicepresidente-della-commissione-agricoltura-e-ambiente\/","title":{"rendered":"Vittorio Sambucci vicepresidente della Commissione Agricoltura e Ambiente"},"content":{"rendered":"<div id=\"fb-root\"><\/div>\n<p style=\"text-align: justify;\"><strong>CISTERNA<\/strong> &#8211;\u00a0 Si \u00e8 concluso oggi l\u2019iter di insediamento delle Commissioni consiliari della Regione Lazio. Tra gli eletti della provincia di Latina, tre presidenze di commissione a <a href=\"https:\/\/www.radioluna.it\/news\/2023\/03\/gaeta-cosmo-mitrano-presidente-della-commissione-lavori-pubblici\/\">Cosmo Mitrano<\/a>, <a href=\"https:\/\/www.radioluna.it\/news\/2023\/03\/enrico-tiero-eletto-presidente-della-commissione-sviluppo-economico\/\">Enrico Tiero<\/a> e\u00a0 <a href=\"https:\/\/www.radioluna.it\/news\/2023\/03\/angelo-orlando-tripodi-eletto-presidente-della-commissione-lavoro\/\">Orlando Tripod<\/a>i, mentre <strong>il consigliere regionale di Fratelli d\u2019Italia, Vittorio Sambucci, \u00e8 stato eletto vicepresidente della commissione Agricoltura e Ambiente<\/strong> della Regione Lazio.<\/p>\n<p style=\"text-align: justify;\">\u201cI territori del Lazio\u00a0 &#8211; ha commentato Sambucci\u00a0 &#8211; hanno nel settore agricolo e nella ricchezza paesaggistica un patrimonio importante, fattore di sviluppo economico e di crescita sociale che merita di essere valorizzato. La particolare vocazione agricola della provincia di Latina, inoltre, richiede attenzione e una programmazione in termini di investimenti e di sinergie che non pu\u00f2 essere relegata alla semplice distribuzione di risorse ma va inserita in pi\u00f9 ampie politiche indirizzate dall\u2019assessore Righini e d\u2019intesa con il Ministero dell\u2019Agricoltura e della Sovranit\u00e0 alimentare. E\u2019 questa la direzione del mio lavoro in Regione, che intendo finalizzare alla valorizzazione del territorio attraverso un percorso che esalti le eccellenze produttive locali e consenta l&#8217;accesso razionale ed efficace alle risorse che l\u2019Europa e la Regione mettono a disposizione delle imprese e delle comunit\u00e0 locali\u201d.<\/p>\n<p style=\"text-align: justify;\">Il consigliere pontino ha ringraziato &#8220;il Gruppo consiliare di Fratelli d\u2019Italia per la stima e fiducia riposte nella mia persona&#8221;, aggiungendo: &#8220;Come componente delle commissioni \u201cLavori pubblici, infrastrutture, mobilit\u00e0 e Trasporto\u201d e \u201cCultura, spettacolo, sport e bellezza dei paesaggi\u201d, sar\u00e0 mia cura lavorare anche per valorizzare le tradizioni e la cultura dei nostri territori, incentivando nuove forme di turismo legate, ad esempio, ad una pi\u00f9 stretta collaborazione tra realt\u00e0 paesaggistiche ed enogastronomiche. Penso al sistema dei parchi naturali e alla necessit\u00e0 di far dialogare imprese e istituzioni. E\u2019 anche cos\u00ec che il territorio pontino e laziale pu\u00f2 trovare nuove occasioni di sviluppo, a cui deve per\u00f2 necessariamente accompagnarsi l\u2019apertura di una nuova che possa vedere la realizzazione di opere e infrastrutture, attese da decenni e capaci di incentivare l\u2019economia e la crescita sociale\u201d, conclude Sambucci.<\/p>\n","protected":false},"excerpt":{"rendered":"<p>CISTERNA &#8211;\u00a0 Si \u00e8 concluso oggi l\u2019iter di insediamento delle Commissioni consiliari della Regione Lazio. Tra gli eletti della provincia di Latina, tre presidenze di commissione a Cosmo Mitrano, Enrico Tiero e\u00a0 Orlando Tripodi, mentre il consigliere regionale di Fratelli d\u2019Italia, Vittorio Sambucci, \u00e8 stato eletto vicepresidente della commissione Agricoltura e Ambiente della Regione Lazio. [&hellip;]<\/p>\n","protected":false},"author":60,"featured_media":326697,"comment_status":"open","ping_status":"open","sticky":false,"template":"","format":"standard","meta":{"footnotes":""},"categories":[8],"tags":[],"class_list":["post-326696","post","type-post","status-publish","format-standard","has-post-thumbnail","hentry","category-politica"],"_links":{"self":[{"href":"https:\/\/www.radioluna.it\/news\/wp-json\/wp\/v2\/posts\/326696","targetHints":{"allow":["GET"]}}],"collection":[{"href":"https:\/\/www.radioluna.it\/news\/wp-json\/wp\/v2\/posts"}],"about":[{"href":"https:\/\/www.radioluna.it\/news\/wp-json\/wp\/v2\/types\/post"}],"author":[{"embeddable":true,"href":"https:\/\/www.radioluna.it\/news\/wp-json\/wp\/v2\/users\/60"}],"replies":[{"embeddable":true,"href":"https:\/\/www.radioluna.it\/news\/wp-json\/wp\/v2\/comments?post=326696"}],"version-history":[{"count":0,"href":"https:\/\/www.radioluna.it\/news\/wp-json\/wp\/v2\/posts\/326696\/revisions"}],"wp:featuredmedia":[{"embeddable":true,"href":"https:\/\/www.radioluna.it\/news\/wp-json\/wp\/v2\/media\/326697"}],"wp:attachment":[{"href":"https:\/\/www.radioluna.it\/news\/wp-json\/wp\/v2\/media?parent=326696"}],"wp:term":[{"taxonomy":"category","embeddable":true,"href":"https:\/\/www.radioluna.it\/news\/wp-json\/wp\/v2\/categories?post=326696"},{"taxonomy":"post_tag","embeddable":true,"href":"https:\/\/www.radioluna.it\/news\/wp-json\/wp\/v2\/tags?post=326696"}],"curies":[{"name":"wp","href":"https:\/\/api.w.org\/{rel}","templated":true}]}}