{"id":326702,"date":"2023-03-30T16:18:48","date_gmt":"2023-03-30T14:18:48","guid":{"rendered":"https:\/\/www.radioluna.it\/news\/?p=326702"},"modified":"2023-03-30T16:18:48","modified_gmt":"2023-03-30T14:18:48","slug":"gaeta-cosmo-mitrano-presidente-della-commissione-lavori-pubblici","status":"publish","type":"post","link":"https:\/\/www.radioluna.it\/news\/2023\/03\/gaeta-cosmo-mitrano-presidente-della-commissione-lavori-pubblici\/","title":{"rendered":"Gaeta, Cosmo Mitrano presidente della Commissione Lavori Pubblici"},"content":{"rendered":"<div id=\"fb-root\"><\/div>\n<p style=\"text-align: justify;\"><strong>GAETA<\/strong> &#8211; Il consigliere regionale Cosmo Mitrano \u00e8 stato nominato oggi presidente della VI Commissione &#8211; Lavori pubblici, infrastrutture, mobilit\u00e0, trasporti; vice presidente della IV Commissione &#8211; Bilancio, programmazione economico-finanziaria, partecipazioni regionali, federalismo fiscale, demanio e patrimonio; componente della XI Commissione &#8211; Sviluppo economico e attivit\u00e0 produttive, start-up, commercio, artigianato, industria, tutela dei consumatori, ricerca e innovazione.<\/p>\n<p style=\"text-align: justify;\">&#8220;Commissioni di prima fascia &#8211; commenta il consigliere regionale Mitrano &#8211; nelle quali lavorer\u00f2 con un grande senso di responsabilit\u00e0, ponendo al primo posto impegno, determinazione e volont\u00e0, contribuendo a quel cambiamento di rotta esplicitato anche nei fatti dal Presidente Rocca.\u00a0Far\u00f2 tesoro dell\u2019esperienza maturata in questi anni, del background professionale ed amministrativo acquisito sul campo, pronto ad apprendere nuove conoscenze e competenze.\u00a0Abbiamo tanto da fare &#8211; prosegue Mitrano &#8211; e dobbiamo assolutamente recuperare il tempo perso per rimettere in carreggiata la nostra regione. \u00c8 arrivato il momento di mettere mano a progetti incompiuti dando un\u2019accelerata al Corridoio Intermodale Roma-Latina con realizzazione della bretella Cisterna-Valmontone; bisogna andare spediti con il completamento della Monti Lepini Latina \u2013 Frosinone; anche se non di competenza diretta della Regione Lazio, \u00e8 necessario prevedere la cantierabilit\u00e0 della Pedemontana di Formia; \u00e8 opportuno, inoltre, potenziare su tutto il territorio regionale un piano di mobilit\u00e0 sostenibile.\u00a0Bisogna intervenire tempestivamente e concretamente sul servizio di trasporto pubblico per ridurre il disagio che quotidianamente vivono migliaia di pendolari che si spostano su tutto il territorio regionale. \u00c8 necessario, inoltre, introdurre agevolazioni per le fasce sociali pi\u00f9 deboli per consentire loro di raggiungere i posti di lavoro.\u00a0Il trasporto marittimo regionale &#8211; sottolinea l&#8217;esponente di Forza Italia &#8211;\u00a0 rappresenta un altro tassello fondamentale dell\u2019economia regionale. Un servizio indispensabile per i cittadini che risiedono sulle isole laziali e per i tantissimi turisti che frequentano l\u2019arcipelago ponziano, tra le mete pi\u00f9 apprezzate anche all\u2019estero. \u00c8 necessario, contestualmente, avviare un processo di ammodernamento e riqualificazione delle unit\u00e0 navali che costituiscono la flotta della Laziomar. Restando sull\u2019argomento, colgo l\u2019occasione per esprimere pubblicamente un plauso ai nostri marittimi, ufficiali e personale di bordo della flotta regionale composta da\u00a0traghetti\u00a0ed\u00a0unit\u00e0 veloci. Spesso, nonostante le condizioni meteo-marine avverse, i collegamenti tra le isole di Ponza e Ventotene e la terraferma sono garantiti e non \u00e8 cosa da poco.\u00a0Non dobbiamo per\u00f2 rincorrere le emergenze ma pianificare e progettare quelle infrastrutture finalizzate a migliorare i trasporti, offrendo servizi idonei ai cittadini.\u00a0Nella commissione bilancio avr\u00f2 il compito di affiancare e supportare il presidente e l\u2019assessore e tutti i componenti a cui auguro un proficuo lavoro. Una materia, quella economico-finanziaria che \u00e8 il fulcro dell\u2019azione politico-amministrativa del governo regionale.\u00a0Nell\u2019XI commissione, infine, avr\u00f2 modo di ritornare su argomenti e settori economico\/produttivi a me molto cari che, a mio avviso, meritano particolare attenzione perch\u00e9 riguardano la crescita della produttivit\u00e0 economica regionale, come nel caso delle industrie e del nostro artigianato vera eccellenza italiana.\u00a0Altrettanto importante &#8211; conclude Mitrano &#8211; la capacit\u00e0 di visione e programmazione attraverso il sostegno alle start-up quale strumento di innovazione e spinta in avanti per una regione che sia veramente competitiva ed una fucina di idee. Una regione pi\u00f9 vicina ai giovani, sostenendoli concretamente; una regione sempre pi\u00f9 proiettata ad utilizzare ogni strumento indispensabile per tutelare, salvaguardare e promuovere quel Made in Lazio che tutto il mondo ci invidia&#8221;.<\/p>\n","protected":false},"excerpt":{"rendered":"<p>GAETA &#8211; Il consigliere regionale Cosmo Mitrano \u00e8 stato nominato oggi presidente della VI Commissione &#8211; Lavori pubblici, infrastrutture, mobilit\u00e0, trasporti; vice presidente della IV Commissione &#8211; Bilancio, programmazione economico-finanziaria, partecipazioni regionali, federalismo fiscale, demanio e patrimonio; componente della XI Commissione &#8211; Sviluppo economico e attivit\u00e0 produttive, start-up, commercio, artigianato, industria, tutela dei consumatori, ricerca [&hellip;]<\/p>\n","protected":false},"author":60,"featured_media":326703,"comment_status":"open","ping_status":"open","sticky":false,"template":"","format":"standard","meta":{"footnotes":""},"categories":[8],"tags":[],"class_list":["post-326702","post","type-post","status-publish","format-standard","has-post-thumbnail","hentry","category-politica"],"_links":{"self":[{"href":"https:\/\/www.radioluna.it\/news\/wp-json\/wp\/v2\/posts\/326702","targetHints":{"allow":["GET"]}}],"collection":[{"href":"https:\/\/www.radioluna.it\/news\/wp-json\/wp\/v2\/posts"}],"about":[{"href":"https:\/\/www.radioluna.it\/news\/wp-json\/wp\/v2\/types\/post"}],"author":[{"embeddable":true,"href":"https:\/\/www.radioluna.it\/news\/wp-json\/wp\/v2\/users\/60"}],"replies":[{"embeddable":true,"href":"https:\/\/www.radioluna.it\/news\/wp-json\/wp\/v2\/comments?post=326702"}],"version-history":[{"count":0,"href":"https:\/\/www.radioluna.it\/news\/wp-json\/wp\/v2\/posts\/326702\/revisions"}],"wp:featuredmedia":[{"embeddable":true,"href":"https:\/\/www.radioluna.it\/news\/wp-json\/wp\/v2\/media\/326703"}],"wp:attachment":[{"href":"https:\/\/www.radioluna.it\/news\/wp-json\/wp\/v2\/media?parent=326702"}],"wp:term":[{"taxonomy":"category","embeddable":true,"href":"https:\/\/www.radioluna.it\/news\/wp-json\/wp\/v2\/categories?post=326702"},{"taxonomy":"post_tag","embeddable":true,"href":"https:\/\/www.radioluna.it\/news\/wp-json\/wp\/v2\/tags?post=326702"}],"curies":[{"name":"wp","href":"https:\/\/api.w.org\/{rel}","templated":true}]}}