{"id":326777,"date":"2023-03-31T17:05:15","date_gmt":"2023-03-31T15:05:15","guid":{"rendered":"https:\/\/www.radioluna.it\/news\/?p=326777"},"modified":"2023-03-31T17:05:15","modified_gmt":"2023-03-31T15:05:15","slug":"coletta-verso-le-primarie-civismo-nutrimento-per-la-societa-e-per-i-partiti-latina-ne-e-la-dimostrazione","status":"publish","type":"post","link":"https:\/\/www.radioluna.it\/news\/2023\/03\/coletta-verso-le-primarie-civismo-nutrimento-per-la-societa-e-per-i-partiti-latina-ne-e-la-dimostrazione\/","title":{"rendered":"Coletta verso le primarie: \u201cCivismo nutrimento per la societ\u00e0 e per i partiti, Latina ne \u00e8 la dimostrazione\u201d"},"content":{"rendered":"<div id=\"fb-root\"><\/div>\n<p style=\"text-align: justify;\"><strong>LATINA &#8211;<\/strong> \u201cLa scelta delle primarie \u00e8 stata dettata dal senso di responsabilit\u00e0. L\u2019organizzazione ha richiesto un grande impegno e la mobilitazione di cittadine e cittadini che avranno la possibilit\u00e0 di scegliere il proprio candidato Sindaco. Una scelta condivisa e legittimata da chi vive in questa citt\u00e0 e non da una designazione calata dall\u2019alto con logiche di spartizione del territorio come avviene a destra\u201d. Cos\u00ec, in una nota, il candidato alle elezioni primarie della coalizione progressista Damiano Coletta. \u201cLe primarie \u2013 aggiunge il candidato di Latina Bene Comune \u2013 creeranno mobilitazione e partecipazione. Due parole che, negli anni, abbiamo cercato di riportare all\u2019interno della grammatica politica cittadina. Una grammatica inquinata da anni di esclusione e non trasparenza da parte delle forze politiche ed amministrative. Una grammatica che trova la sua centralit\u00e0 nel valore del Bene Comune\u201d.<\/p>\n<p style=\"text-align: justify;\">\u201cIl civismo \u2013 prosegue \u2013 \u00e8 stato in grado di riconnettere i cittadini e le cittadine alla politica quando non ne erano pi\u00f9 interessati.\u00a0 Un nutrimento non solo per il tessuto sociale ma anche per i partiti stessi. \u00c8 emblematico quanto accaduto, a livello nazionale, dal Pd: si \u00e8 allargato ed ha trovato nuova linfa proprio allargando il proprio bacino e coinvolgendo, nel loro percorso congressuale, quelle forze civiche e civili esterne ai partiti. Parallelamente sul nostro territorio \u2013 aggiunge Coletta \u2013 siamo stati in grado di far emergere una nuova classe dirigente ed \u00e8 sintomo della maturit\u00e0 politica ed amministrativa che abbiamo raggiunto\u201d.<\/p>\n<p style=\"text-align: justify;\">E ancora: \u201cLatina \u00e8 stata, penso, una delle realt\u00e0 italiane pi\u00f9 emblematiche del valore del civismo, una realt\u00e0 che ha dato linfa e nuovi stimoli ai partiti di rilevanza nazionale. E da quel valore dobbiamo ripartire per una citt\u00e0 inclusiva, attenta al decoro, a misura di bambini, giovani e anziani, protesa al contrasto della povert\u00e0, delle diseguaglianze, del divario di genere. Una citt\u00e0 che punti sulle comunit\u00e0 energetiche, sulla riconnessione con il territorio, con piste ciclabili e zona 30. Sostenibile dal punto di vista ambientale, economico e amministrativo\u201d.<\/p>\n<p style=\"text-align: justify;\">In conclusione: \u201cIl civismo ha dato molto alla nostra citt\u00e0 e, sono sicuro, continuer\u00e0 a dare. \u00c8 una casa accogliente, nella quale trovano posto persone con storie diverse ma valori, idee e obiettivi simili\u201d.<\/p>\n<div class=\"radio-posizionamento-telefono-in-articoli-dopo-il-contenuto-articolo radio-entity-placement\" id=\"radio-1733792263\"><div id=\"radio-2453694231\"><a href=\"https:\/\/grupporedi.it\/\" aria-label=\"Redi-Qr\"><img loading=\"lazy\" decoding=\"async\" src=\"https:\/\/www.radioluna.it\/news\/wp-content\/uploads\/2026\/03\/Redi-Qr.jpg\" alt=\"\"  srcset=\"https:\/\/www.radioluna.it\/news\/wp-content\/uploads\/2026\/03\/Redi-Qr.jpg 800w, https:\/\/www.radioluna.it\/news\/wp-content\/uploads\/2026\/03\/Redi-Qr-768x639.jpg 768w\" sizes=\"(max-width: 800px) 100vw, 800px\" width=\"300\" height=\"250\"   \/><\/a><\/div><\/div>","protected":false},"excerpt":{"rendered":"<p>LATINA &#8211; \u201cLa scelta delle primarie \u00e8 stata dettata dal senso di responsabilit\u00e0. L\u2019organizzazione ha richiesto un grande impegno e la mobilitazione di cittadine e cittadini che avranno la possibilit\u00e0 di scegliere il proprio candidato Sindaco. Una scelta condivisa e legittimata da chi vive in questa citt\u00e0 e non da una designazione calata dall\u2019alto con [&hellip;]<\/p>\n","protected":false},"author":60,"featured_media":297308,"comment_status":"open","ping_status":"open","sticky":false,"template":"","format":"standard","meta":{"footnotes":""},"categories":[8],"tags":[],"class_list":["post-326777","post","type-post","status-publish","format-standard","has-post-thumbnail","hentry","category-politica"],"_links":{"self":[{"href":"https:\/\/www.radioluna.it\/news\/wp-json\/wp\/v2\/posts\/326777","targetHints":{"allow":["GET"]}}],"collection":[{"href":"https:\/\/www.radioluna.it\/news\/wp-json\/wp\/v2\/posts"}],"about":[{"href":"https:\/\/www.radioluna.it\/news\/wp-json\/wp\/v2\/types\/post"}],"author":[{"embeddable":true,"href":"https:\/\/www.radioluna.it\/news\/wp-json\/wp\/v2\/users\/60"}],"replies":[{"embeddable":true,"href":"https:\/\/www.radioluna.it\/news\/wp-json\/wp\/v2\/comments?post=326777"}],"version-history":[{"count":0,"href":"https:\/\/www.radioluna.it\/news\/wp-json\/wp\/v2\/posts\/326777\/revisions"}],"wp:featuredmedia":[{"embeddable":true,"href":"https:\/\/www.radioluna.it\/news\/wp-json\/wp\/v2\/media\/297308"}],"wp:attachment":[{"href":"https:\/\/www.radioluna.it\/news\/wp-json\/wp\/v2\/media?parent=326777"}],"wp:term":[{"taxonomy":"category","embeddable":true,"href":"https:\/\/www.radioluna.it\/news\/wp-json\/wp\/v2\/categories?post=326777"},{"taxonomy":"post_tag","embeddable":true,"href":"https:\/\/www.radioluna.it\/news\/wp-json\/wp\/v2\/tags?post=326777"}],"curies":[{"name":"wp","href":"https:\/\/api.w.org\/{rel}","templated":true}]}}