{"id":326808,"date":"2023-04-01T11:25:54","date_gmt":"2023-04-01T09:25:54","guid":{"rendered":"https:\/\/www.radioluna.it\/news\/?p=326808"},"modified":"2023-04-03T09:22:57","modified_gmt":"2023-04-03T07:22:57","slug":"primarie-a-latina-coletta-elogia-il-civismo-cosignani-parla-di-sfida-alla-politica-stagnante-per-fiore-la-volata-zingaretti","status":"publish","type":"post","link":"https:\/\/www.radioluna.it\/news\/2023\/04\/primarie-a-latina-coletta-elogia-il-civismo-cosignani-parla-di-sfida-alla-politica-stagnante-per-fiore-la-volata-zingaretti\/","title":{"rendered":"Primarie a Latina, Coletta elogia il civismo, Cosignani parla di sfida alla politica stagnante, per Fiore la volata Zingaretti"},"content":{"rendered":"<div id=\"fb-root\"><\/div>\n<p><strong>LATINA<\/strong> &#8211;\u00a0 Si vota domani (domenica 2 aprile)\u00a0 a Latina per le primarie del campo progressista che sceglier\u00e0 chi fra l&#8217;ex sindaco Damiano Coletta, l&#8217;indipendente Filippo Cosignani e la candidata Pd Daniela Fiore sfider\u00e0 la candidata del centrodestra Matilde Celentano che ha gi\u00e0 dato il via alla sua campagna elettorale.<\/p>\n<p style=\"text-align: justify;\">\u201cIl civismo \u00e8 stato in grado di riconnettere i cittadini e le cittadine alla politica quando non ne erano pi\u00f9 interessati. Ha dato molto alla nostra citt\u00e0 e, sono sicuro, continuer\u00e0 a dare. \u00c8 una casa accogliente, nella quale trovano posto persone con storie diverse ma valori, idee e obiettivi simili\u201d, ha voluto sottolineare in una nota alla vigilia dell&#8217;appuntamento, Damiano Coletta che plaude alla scelta delle primarie come scelta democratica: &#8220;Creeranno mobilitazione e partecipazione. Due parole che, negli anni, abbiamo cercato di riportare all\u2019interno della grammatica politica cittadina. Una grammatica inquinata da anni di esclusione e non trasparenza da parte delle forze politiche ed amministrative. Una grammatica che trova la sua centralit\u00e0 nel valore del Bene Comune\u201d.<\/p>\n<p style=\"text-align: justify;\">&#8220;Le primarie per noi sono un&#8217;idea di coinvolgimento e di apertura a tutti i cittadini&#8221;, ha dichiarato Fiore che durante i suoi incontri nei giorni scorsi ha parlato di una visione di citt\u00e0 contemporanea. &#8220;Sostenibile, inclusiva e proiettata verso il futuro come sono le nostre direttrici per far rifiorire Latina&#8221;. Per lei, l&#8217;ultimo appello \u00e8 stato quello del parlamentare Nicola Zingaretti che ha parlato della candidata Pd come\u00a0 di &#8220;quella forza unitaria che pu\u00f2 portarci ad un&#8217;alleanza il pi\u00f9 larga possibile&#8221;.<\/p>\n<p style=\"text-align: justify;\">Filippo Cosignani ha affidato ad un videomessaggio Facebook il suo appello al voto: &#8220;Questa \u00e8 una possibilit\u00e0 di sfida alla politica stangante che ha caratterizzato la nostra citt\u00e0 negli ultimi decenni&#8221;, dichiara mettendo in evidenza un solo punto, la necessit\u00e0 per Latina di avere un nuovo Piano regolatore che dia la vision della citt\u00e0 capoluogo.<\/p>\n<p style=\"text-align: justify;\">Si vota dalle 8 alle 21 nei seggi della Stoa di Latina in Via Cesare Battisti e al Centro Lestrella e dalle 9 alle 21 all\u2019ex cinema Enal di Latina Scalo e nei centri sociali di Borgo Podgora e Borgo Grappa.<\/p>\n","protected":false},"excerpt":{"rendered":"<p>LATINA &#8211;\u00a0 Si vota domani (domenica 2 aprile)\u00a0 a Latina per le primarie del campo progressista che sceglier\u00e0 chi fra l&#8217;ex sindaco Damiano Coletta, l&#8217;indipendente Filippo Cosignani e la candidata Pd Daniela Fiore sfider\u00e0 la candidata del centrodestra Matilde Celentano che ha gi\u00e0 dato il via alla sua campagna elettorale. \u201cIl civismo \u00e8 stato in [&hellip;]<\/p>\n","protected":false},"author":62,"featured_media":326270,"comment_status":"open","ping_status":"open","sticky":false,"template":"","format":"standard","meta":{"footnotes":""},"categories":[8],"tags":[],"class_list":["post-326808","post","type-post","status-publish","format-standard","has-post-thumbnail","hentry","category-politica"],"_links":{"self":[{"href":"https:\/\/www.radioluna.it\/news\/wp-json\/wp\/v2\/posts\/326808","targetHints":{"allow":["GET"]}}],"collection":[{"href":"https:\/\/www.radioluna.it\/news\/wp-json\/wp\/v2\/posts"}],"about":[{"href":"https:\/\/www.radioluna.it\/news\/wp-json\/wp\/v2\/types\/post"}],"author":[{"embeddable":true,"href":"https:\/\/www.radioluna.it\/news\/wp-json\/wp\/v2\/users\/62"}],"replies":[{"embeddable":true,"href":"https:\/\/www.radioluna.it\/news\/wp-json\/wp\/v2\/comments?post=326808"}],"version-history":[{"count":0,"href":"https:\/\/www.radioluna.it\/news\/wp-json\/wp\/v2\/posts\/326808\/revisions"}],"wp:featuredmedia":[{"embeddable":true,"href":"https:\/\/www.radioluna.it\/news\/wp-json\/wp\/v2\/media\/326270"}],"wp:attachment":[{"href":"https:\/\/www.radioluna.it\/news\/wp-json\/wp\/v2\/media?parent=326808"}],"wp:term":[{"taxonomy":"category","embeddable":true,"href":"https:\/\/www.radioluna.it\/news\/wp-json\/wp\/v2\/categories?post=326808"},{"taxonomy":"post_tag","embeddable":true,"href":"https:\/\/www.radioluna.it\/news\/wp-json\/wp\/v2\/tags?post=326808"}],"curies":[{"name":"wp","href":"https:\/\/api.w.org\/{rel}","templated":true}]}}