{"id":326862,"date":"2023-04-03T09:32:17","date_gmt":"2023-04-03T07:32:17","guid":{"rendered":"https:\/\/www.radioluna.it\/news\/?p=326862"},"modified":"2023-04-04T08:19:08","modified_gmt":"2023-04-04T06:19:08","slug":"terracina-sequestrata-collezione-di-monete-anfore-e-altri-oggetti-di-epoca-greca-e-romana","status":"publish","type":"post","link":"https:\/\/www.radioluna.it\/news\/2023\/04\/terracina-sequestrata-collezione-di-monete-anfore-e-altri-oggetti-di-epoca-greca-e-romana\/","title":{"rendered":"Terracina, sequestrata collezione di monete, anfore e altri oggetti di epoca greca e romana: vale mezzo milione di euro"},"content":{"rendered":"<div id=\"fb-root\"><\/div>\n<p style=\"text-align: justify;\"><strong>TERRACINA<\/strong> &#8211; Una rara quanto preziosa collezione di beni archeologici\u00a0 di et\u00e0 greca e romana \u00e8 stata sequestrata a Terracina in casa di un privato cittadino. L&#8217;operazione \u00e8 stata condotta\u00a0 dai militari della Guardia di Finanza al termine di una complessa attivit\u00e0 informativa e investigativa che ha portato alla scoperta di un vero e proprio tesoro che comprende anche una spada bronzea risalente all\u2019et\u00e0 del ferro (IX-VII a.C.) per un valore complessivo di mezzo milione di euro.<\/p>\n<p style=\"text-align: justify;\">In particolare, sono state ritrovate pi\u00f9 di 500 monete di periodo magno-greco, bizantino, romano risalenti ad un periodo storico ricompreso tra il IV a.C. ed il III d.C., di utilizzo corrente in diversi periodi della storia romana, come ad esempio, il periodo imperiale di Augusto, Traiano, Nerone, Vespasiano, Adriano, Marco Aurelio, Commodo, Caligola, Caracalla, Diocleziano, Giulio Nepote. Inoltre, sono state recuperati 13 pezzi tra anfore e vasellame vario di origine greca, alcuni dei quali appartenenti ad una prestigiosa raccolta denominata \u201cNavarra\u201d, risalente al VII e al VI secolo a.C., la cui originaria composizione era data da pi\u00f9 di 600 esemplari, di stile protocorinzio, corinzio, ionico e attico.<\/p>\n<p style=\"text-align: justify;\">&#8220;Si tratta\u00a0 &#8211; si legge in\u00a0 una nota del Comando Provinciale di Latina che ha operato attraverso i finanzieri della Compagnia di Terracina &#8211; di un rilevante quantitativo di beni e reperti, anche di carattere numismatico, di primario interesse storico-archeologico, cosi come confermato dalle valutazioni della Soprintendenza Archeologia, Belle Arti e Paesaggio per le Province di Frosinone, Latina, che avrebbero fruttato, se immessi sul mercato clandestino, anche internazionale, un ingente guadagno.<\/p>\n<p style=\"text-align: justify;\">La legge stabilisce che qualunque cittadino che viene in possesso o scopre fortuitamente cose immobili o mobili di valore storico-archeologico ne deve fare denuncia entro ventiquattro ore al soprintendente o al sindaco ovvero all&#8217;autorit\u00e0 di pubblica sicurezza e provvede alla conservazione temporanea di esse, lasciandole nelle condizioni e nel luogo in cui sono state rinvenute.<br \/>\nGrazie all\u2019intervento operato, che testimonia la trasversalit\u00e0 dell\u2019azione della Guardia di Finanza e la vocazione anche sociale delle Fiamme Gialle, per il \u201cmateriale\u201d archeologico potranno inoltre essere avviate le procedure per garantirne la lecita conservazione e definirne le corrette modalit\u00e0 di gestione e detenzione a beneficio dell\u2019intera collettivit\u00e0. Il sequestro di beni archeologici, detenuti illecitamente in Italia o all\u2019estero, anche sotto forma di \u201cbeni rifugio\u201d, oltre che rispondere a esigenze di legalit\u00e0, assume un profondo valore sociale, poich\u00e9 consente di restituire ai cittadini inestimabili ricchezze storico-culturali, spesso di potenziale interesse anche della criminalit\u00e0, configurandosi come attivit\u00e0 illecite estremamente lucrative&#8221;.<\/p>\n<div class=\"radio-posizionamento-telefono-in-articoli-dopo-il-contenuto-articolo radio-entity-placement\" id=\"radio-2620041544\"><div id=\"radio-3301107132\"><a href=\"https:\/\/www.simeoneceramiche.com\/\" aria-label=\"SIMEONE CERAMICHE GIF animata per radioluna_Tavola disegno 1 copia 2 (online-video-cutter.com)\"><img loading=\"lazy\" decoding=\"async\" src=\"https:\/\/www.radioluna.it\/news\/wp-content\/uploads\/2025\/05\/SIMEONE-CERAMICHE-GIF-animata-per-radioluna_Tavola-disegno-1-copia-2-online-video-cutter.com_.gif\" alt=\"\"  width=\"300\" height=\"250\"   \/><\/a><\/div><\/div>","protected":false},"excerpt":{"rendered":"<p>TERRACINA &#8211; Una rara quanto preziosa collezione di beni archeologici\u00a0 di et\u00e0 greca e romana \u00e8 stata sequestrata a Terracina in casa di un privato cittadino. L&#8217;operazione \u00e8 stata condotta\u00a0 dai militari della Guardia di Finanza al termine di una complessa attivit\u00e0 informativa e investigativa che ha portato alla scoperta di un vero e proprio [&hellip;]<\/p>\n","protected":false},"author":62,"featured_media":326863,"comment_status":"open","ping_status":"open","sticky":false,"template":"","format":"standard","meta":{"footnotes":""},"categories":[7],"tags":[],"class_list":["post-326862","post","type-post","status-publish","format-standard","has-post-thumbnail","hentry","category-cronaca"],"_links":{"self":[{"href":"https:\/\/www.radioluna.it\/news\/wp-json\/wp\/v2\/posts\/326862","targetHints":{"allow":["GET"]}}],"collection":[{"href":"https:\/\/www.radioluna.it\/news\/wp-json\/wp\/v2\/posts"}],"about":[{"href":"https:\/\/www.radioluna.it\/news\/wp-json\/wp\/v2\/types\/post"}],"author":[{"embeddable":true,"href":"https:\/\/www.radioluna.it\/news\/wp-json\/wp\/v2\/users\/62"}],"replies":[{"embeddable":true,"href":"https:\/\/www.radioluna.it\/news\/wp-json\/wp\/v2\/comments?post=326862"}],"version-history":[{"count":0,"href":"https:\/\/www.radioluna.it\/news\/wp-json\/wp\/v2\/posts\/326862\/revisions"}],"wp:featuredmedia":[{"embeddable":true,"href":"https:\/\/www.radioluna.it\/news\/wp-json\/wp\/v2\/media\/326863"}],"wp:attachment":[{"href":"https:\/\/www.radioluna.it\/news\/wp-json\/wp\/v2\/media?parent=326862"}],"wp:term":[{"taxonomy":"category","embeddable":true,"href":"https:\/\/www.radioluna.it\/news\/wp-json\/wp\/v2\/categories?post=326862"},{"taxonomy":"post_tag","embeddable":true,"href":"https:\/\/www.radioluna.it\/news\/wp-json\/wp\/v2\/tags?post=326862"}],"curies":[{"name":"wp","href":"https:\/\/api.w.org\/{rel}","templated":true}]}}